{"id":19759,"date":"2014-05-05T14:49:52","date_gmt":"2014-05-05T19:49:52","guid":{"rendered":"http:\/\/www.ambiente.gob.ec\/?p=19759"},"modified":"2014-05-05T14:49:52","modified_gmt":"2014-05-05T19:49:52","slug":"mae-impulsa-mecanismos-para-mantener-pesquerias-sustentables-en-la-rmg-2","status":"publish","type":"post","link":"https:\/\/www.ambienteyenergia.gob.ec\/ambiente\/mae-impulsa-mecanismos-para-mantener-pesquerias-sustentables-en-la-rmg-2\/","title":{"rendered":"MAE impulsa mecanismos para mantener pesquer\u00edas sustentables en la RMG"},"content":{"rendered":"<p style=\"text-align: justify;\">La Direcci\u00f3n del Parque Nacional Gal\u00e1pagos (DPNG) del Ministerio del Ambiente, con el apoyo de Conservaci\u00f3n Internacional, planifica el desarrollo del taller \u201cFortalecimiento de la pesquer\u00eda de langosta en Gal\u00e1pagos\u201d, una de las alternativas econ\u00f3micas m\u00e1s rentables del sector pesquero artesanal de las islas.<\/p>\n<p style=\"text-align: justify;\">Hoy, en las instalaciones de la DPNG, en Santa Cruz, se mantuvo una reuni\u00f3n de trabajo interinstitucional en la que participaron los representantes del Ministerio de Agricultura, Ganader\u00eda, Acuacultura y Pesca (MAGAP), Secretar\u00eda T\u00e9cnica del Consejo de Gobierno de Gal\u00e1pagos (CGG), Sector Pesquero Artesanal de Gal\u00e1pagos y\u00a0 organizaciones\u00a0 como Fundaci\u00f3n Charles Darwin (FCD), el Fondo Mundial para la Naturaleza (WWF) y Conservaci\u00f3n Internacional.<\/p>\n<p style=\"text-align: justify;\">En esta reuni\u00f3n se\u00a0 establecieron los lineamientos estrat\u00e9gicos interinstitucionales para que el taller, que se realizar\u00e1 del 26 al 28 de mayo, se convierta en una herramienta para explorar nuevas opciones de manejo y generar alternativas que promuevan la protecci\u00f3n del recurso pesquero y la generaci\u00f3n de ingresos en el corto y largo plazo para la comunidad galapague\u00f1a.<\/p>\n<p style=\"text-align: justify;\">Uno de los pr\u00f3ximos pasos acordados durante la reuni\u00f3n, fue la ejecuci\u00f3n de una reuni\u00f3n previa al taller, para analizar y revisar el diagn\u00f3stico del estado y situaci\u00f3n de la pesquer\u00eda de langosta en Gal\u00e1pagos.<\/p>\n<p style=\"text-align: justify;\">Para el taller \u201cFortalecimiento de la pesquer\u00eda de langosta en Gal\u00e1pagos\u201d se tiene prevista la participaci\u00f3n de un panel de expertos internacionales y los diferentes actores sociales. Para Arturo Izurieta, Director del Parque Nacional Gal\u00e1pagos, la ejecuci\u00f3n de \u00e9sta actividad permitir\u00e1 visualizar la problem\u00e1tica y posibles soluciones al manejo de este recurso, que podr\u00eda ser aplicado para cualquier otro recurso pesquero.<\/p>\n","protected":false},"excerpt":{"rendered":"<p class=\"excerpt\">La Direcci\u00f3n del Parque Nacional Gal\u00e1pagos (DPNG) del Ministerio del Ambiente, con el apoyo de Conservaci\u00f3n Internacional, planifica el desarrollo del taller \u201cFortalecimiento de la pesquer\u00eda de langosta en Gal\u00e1pagos\u201d, una de las alternativas econ\u00f3micas m\u00e1s rentables del sector pesquero artesanal de las islas. Hoy, en las instalaciones de la DPNG, en Santa Cruz, se mantuvo una reuni\u00f3n de trabajo&hellip; <a href=\"https:\/\/www.ambienteyenergia.gob.ec\/ambiente\/mae-impulsa-mecanismos-para-mantener-pesquerias-sustentables-en-la-rmg-2\/\">Read more &rarr;<\/a><\/p>\n","protected":false},"author":13,"featured_media":19452,"comment_status":"open","ping_status":"open","sticky":false,"template":"","format":"standard","meta":{"footnotes":""},"categories":[16,4],"tags":[],"class_list":["post-19759","post","type-post","status-publish","format-standard","has-post-thumbnail","hentry","category-comunicamos","category-noticias","xfolkentry"],"_links":{"self":[{"href":"https:\/\/www.ambienteyenergia.gob.ec\/ambiente\/wp-json\/wp\/v2\/posts\/19759","targetHints":{"allow":["GET"]}}],"collection":[{"href":"https:\/\/www.ambienteyenergia.gob.ec\/ambiente\/wp-json\/wp\/v2\/posts"}],"about":[{"href":"https:\/\/www.ambienteyenergia.gob.ec\/ambiente\/wp-json\/wp\/v2\/types\/post"}],"author":[{"embeddable":true,"href":"https:\/\/www.ambienteyenergia.gob.ec\/ambiente\/wp-json\/wp\/v2\/users\/13"}],"replies":[{"embeddable":true,"href":"https:\/\/www.ambienteyenergia.gob.ec\/ambiente\/wp-json\/wp\/v2\/comments?post=19759"}],"version-history":[{"count":0,"href":"https:\/\/www.ambienteyenergia.gob.ec\/ambiente\/wp-json\/wp\/v2\/posts\/19759\/revisions"}],"wp:featuredmedia":[{"embeddable":true,"href":"https:\/\/www.ambienteyenergia.gob.ec\/ambiente\/wp-json\/wp\/v2\/media\/19452"}],"wp:attachment":[{"href":"https:\/\/www.ambienteyenergia.gob.ec\/ambiente\/wp-json\/wp\/v2\/media?parent=19759"}],"wp:term":[{"taxonomy":"category","embeddable":true,"href":"https:\/\/www.ambienteyenergia.gob.ec\/ambiente\/wp-json\/wp\/v2\/categories?post=19759"},{"taxonomy":"post_tag","embeddable":true,"href":"https:\/\/www.ambienteyenergia.gob.ec\/ambiente\/wp-json\/wp\/v2\/tags?post=19759"}],"curies":[{"name":"wp","href":"https:\/\/api.w.org\/{rel}","templated":true}]}}