{"id":19754,"date":"2014-05-05T14:04:42","date_gmt":"2014-05-05T19:04:42","guid":{"rendered":"http:\/\/www.ambiente.gob.ec\/?p=19754"},"modified":"2014-05-05T14:04:55","modified_gmt":"2014-05-05T19:04:55","slug":"mae-realizo-taller-de-diseno-y-estructuracion-de-un-estandar-generico-para-la-certificacion-de-productos-legales-de-madera","status":"publish","type":"post","link":"https:\/\/www.ambienteyenergia.gob.ec\/ambiente\/mae-realizo-taller-de-diseno-y-estructuracion-de-un-estandar-generico-para-la-certificacion-de-productos-legales-de-madera\/","title":{"rendered":"MAE realiz\u00f3 taller de dise\u00f1o y estructuraci\u00f3n de un est\u00e1ndar gen\u00e9rico para la certificaci\u00f3n de productos legales de madera"},"content":{"rendered":"<p style=\"text-align: justify;\">El Ministerio del Ambiente, a trav\u00e9s de la Subsecretaria de Patrimonio Natural y la Direcci\u00f3n Nacional Forestal, en trabajo conjunto con la Cooperaci\u00f3n Alemana GIZ, trabaja en un proceso para la Certificaci\u00f3n Nacional de Productores Forestales, con la finalidad de fortalecer la aplicaci\u00f3n de regulaciones legales en el origen, transporte, acopio, transportaci\u00f3n y comercio de madera, que permita garantizar el consumo responsable de productos forestales.<\/p>\n<p style=\"text-align: justify;\">Con este antecedente los d\u00edas 29 y 30 de abril en la ciudad de Ibarra, la Direcci\u00f3n Provincial del Ambiente de Imbabura, particip\u00f3 en el Taller de Dise\u00f1o y estructuraci\u00f3n de un Est\u00e1ndar Gen\u00e9rico para la certificaci\u00f3n de productos legales de madera.<\/p>\n<p style=\"text-align: justify;\">\nLa propuesta est\u00e1 enmarcada en un Est\u00e1ndar Gen\u00e9rico de SmartWood de Rainforesta Alliance para verificar el cumplimiento Legal VLC.<\/p>\n<p style=\"text-align: justify;\">Durante estas jornadas se trabaj\u00f3 en la formulaci\u00f3n de dicho est\u00e1ndar, incorporando criterios de la Constituci\u00f3n, Leyes, Normas, Acuerdos de origen dentro de nuestro pa\u00eds.<\/p>\n","protected":false},"excerpt":{"rendered":"<p class=\"excerpt\">El Ministerio del Ambiente, a trav\u00e9s de la Subsecretaria de Patrimonio Natural y la Direcci\u00f3n Nacional Forestal, en trabajo conjunto con la Cooperaci\u00f3n Alemana GIZ, trabaja en un proceso para la Certificaci\u00f3n Nacional de Productores Forestales, con la finalidad de fortalecer la aplicaci\u00f3n de regulaciones legales en el origen, transporte, acopio, transportaci\u00f3n y comercio de madera, que permita garantizar el&hellip; <a href=\"https:\/\/www.ambienteyenergia.gob.ec\/ambiente\/mae-realizo-taller-de-diseno-y-estructuracion-de-un-estandar-generico-para-la-certificacion-de-productos-legales-de-madera\/\">Read more &rarr;<\/a><\/p>\n","protected":false},"author":13,"featured_media":19755,"comment_status":"open","ping_status":"open","sticky":false,"template":"","format":"standard","meta":{"footnotes":""},"categories":[16,4],"tags":[],"class_list":["post-19754","post","type-post","status-publish","format-standard","has-post-thumbnail","hentry","category-comunicamos","category-noticias","xfolkentry"],"_links":{"self":[{"href":"https:\/\/www.ambienteyenergia.gob.ec\/ambiente\/wp-json\/wp\/v2\/posts\/19754","targetHints":{"allow":["GET"]}}],"collection":[{"href":"https:\/\/www.ambienteyenergia.gob.ec\/ambiente\/wp-json\/wp\/v2\/posts"}],"about":[{"href":"https:\/\/www.ambienteyenergia.gob.ec\/ambiente\/wp-json\/wp\/v2\/types\/post"}],"author":[{"embeddable":true,"href":"https:\/\/www.ambienteyenergia.gob.ec\/ambiente\/wp-json\/wp\/v2\/users\/13"}],"replies":[{"embeddable":true,"href":"https:\/\/www.ambienteyenergia.gob.ec\/ambiente\/wp-json\/wp\/v2\/comments?post=19754"}],"version-history":[{"count":0,"href":"https:\/\/www.ambienteyenergia.gob.ec\/ambiente\/wp-json\/wp\/v2\/posts\/19754\/revisions"}],"wp:featuredmedia":[{"embeddable":true,"href":"https:\/\/www.ambienteyenergia.gob.ec\/ambiente\/wp-json\/wp\/v2\/media\/19755"}],"wp:attachment":[{"href":"https:\/\/www.ambienteyenergia.gob.ec\/ambiente\/wp-json\/wp\/v2\/media?parent=19754"}],"wp:term":[{"taxonomy":"category","embeddable":true,"href":"https:\/\/www.ambienteyenergia.gob.ec\/ambiente\/wp-json\/wp\/v2\/categories?post=19754"},{"taxonomy":"post_tag","embeddable":true,"href":"https:\/\/www.ambienteyenergia.gob.ec\/ambiente\/wp-json\/wp\/v2\/tags?post=19754"}],"curies":[{"name":"wp","href":"https:\/\/api.w.org\/{rel}","templated":true}]}}