{"id":19751,"date":"2014-05-05T14:02:25","date_gmt":"2014-05-05T19:02:25","guid":{"rendered":"http:\/\/www.ambiente.gob.ec\/?p=19751"},"modified":"2014-05-05T14:02:25","modified_gmt":"2014-05-05T19:02:25","slug":"alumnos-de-la-escuela-ciudad-de-otavalo-visitaron-la-recc","status":"publish","type":"post","link":"https:\/\/www.ambienteyenergia.gob.ec\/ambiente\/alumnos-de-la-escuela-ciudad-de-otavalo-visitaron-la-recc\/","title":{"rendered":"Alumnos de la escuela Ciudad de Otavalo visitaron la RECC"},"content":{"rendered":"<p style=\"text-align: justify;\">La Reserva Ecol\u00f3gica Cotacachi Cayapas &#8211; Distrito Cuicocha recibi\u00f3 a 200 estudiantes de la escuela Ciudad de Otavalo, el pasado 2 de mayo. La visita fue enfocada al conocimiento hist\u00f3rico del \u00c1rea Protegida, la Laguna de Cuicocha, as\u00ed como de su Flora y Fauna.<\/p>\n<p>La explicaci\u00f3n de los t\u00e9cnicos del MAE gener\u00f3 reacciones positivas en los chicos quienes en conjunto con la Directora del establecimiento, Sandra Flores, han agradecido a esta Cartera de Estado y la RECC por la acogida brindada y por ese mensaje de conservaci\u00f3n y cuidado de nuestro patrimonio natural.<\/p>\n","protected":false},"excerpt":{"rendered":"<p class=\"excerpt\">La Reserva Ecol\u00f3gica Cotacachi Cayapas &#8211; Distrito Cuicocha recibi\u00f3 a 200 estudiantes de la escuela Ciudad de Otavalo, el pasado 2 de mayo. La visita fue enfocada al conocimiento hist\u00f3rico del \u00c1rea Protegida, la Laguna de Cuicocha, as\u00ed como de su Flora y Fauna. La explicaci\u00f3n de los t\u00e9cnicos del MAE gener\u00f3 reacciones positivas en los chicos quienes en conjunto&hellip; <a href=\"https:\/\/www.ambienteyenergia.gob.ec\/ambiente\/alumnos-de-la-escuela-ciudad-de-otavalo-visitaron-la-recc\/\">Read more &rarr;<\/a><\/p>\n","protected":false},"author":13,"featured_media":19752,"comment_status":"open","ping_status":"open","sticky":false,"template":"","format":"standard","meta":{"footnotes":""},"categories":[16,4],"tags":[],"class_list":["post-19751","post","type-post","status-publish","format-standard","has-post-thumbnail","hentry","category-comunicamos","category-noticias","xfolkentry"],"_links":{"self":[{"href":"https:\/\/www.ambienteyenergia.gob.ec\/ambiente\/wp-json\/wp\/v2\/posts\/19751","targetHints":{"allow":["GET"]}}],"collection":[{"href":"https:\/\/www.ambienteyenergia.gob.ec\/ambiente\/wp-json\/wp\/v2\/posts"}],"about":[{"href":"https:\/\/www.ambienteyenergia.gob.ec\/ambiente\/wp-json\/wp\/v2\/types\/post"}],"author":[{"embeddable":true,"href":"https:\/\/www.ambienteyenergia.gob.ec\/ambiente\/wp-json\/wp\/v2\/users\/13"}],"replies":[{"embeddable":true,"href":"https:\/\/www.ambienteyenergia.gob.ec\/ambiente\/wp-json\/wp\/v2\/comments?post=19751"}],"version-history":[{"count":0,"href":"https:\/\/www.ambienteyenergia.gob.ec\/ambiente\/wp-json\/wp\/v2\/posts\/19751\/revisions"}],"wp:featuredmedia":[{"embeddable":true,"href":"https:\/\/www.ambienteyenergia.gob.ec\/ambiente\/wp-json\/wp\/v2\/media\/19752"}],"wp:attachment":[{"href":"https:\/\/www.ambienteyenergia.gob.ec\/ambiente\/wp-json\/wp\/v2\/media?parent=19751"}],"wp:term":[{"taxonomy":"category","embeddable":true,"href":"https:\/\/www.ambienteyenergia.gob.ec\/ambiente\/wp-json\/wp\/v2\/categories?post=19751"},{"taxonomy":"post_tag","embeddable":true,"href":"https:\/\/www.ambienteyenergia.gob.ec\/ambiente\/wp-json\/wp\/v2\/tags?post=19751"}],"curies":[{"name":"wp","href":"https:\/\/api.w.org\/{rel}","templated":true}]}}