{"id":19740,"date":"2014-05-03T16:04:10","date_gmt":"2014-05-03T21:04:10","guid":{"rendered":"http:\/\/www.ambiente.gob.ec\/?p=19740"},"modified":"2014-05-05T11:51:30","modified_gmt":"2014-05-05T16:51:30","slug":"lago-agrio-se-revela-contra-chevron-en-el-concierto-de-calle-13","status":"publish","type":"post","link":"https:\/\/www.ambienteyenergia.gob.ec\/ambiente\/lago-agrio-se-revela-contra-chevron-en-el-concierto-de-calle-13\/","title":{"rendered":"Lago Agrio se revela contra Chevron en el concierto de Calle 13"},"content":{"rendered":"<p style=\"text-align: justify;\">El concierto gratuito del grupo de m\u00fasica urbana Calle 13 atrajo a miles de personas a Lago Agrio. El alcalde de la ciudad, Yoffre Poma, asegur\u00f3 la ma\u00f1ana de hoy que todos los hoteles est\u00e1n llenos y que se espera que entre 13.000 y 18.000 personas acudan al concierto que se llevar\u00e1 a cabo \u00e9sta noche en el Estadio de la Federaci\u00f3n Deportiva de Sucumb\u00edos.<\/p>\n<p style=\"text-align: justify;\">\u201cSucumb\u00edos est\u00e1 en los ojos del mundo. La injusticia cometida por Chevron-Texaco hace que cada vez m\u00e1s personalidades se unan a nuestra causa\u201d, dijo el Burgomaestre en un conversatorio entre medios de comunicaci\u00f3n y autoridades.<\/p>\n<p style=\"text-align: justify;\">La expectativa es tal que los polic\u00edas que se encuentran en los pasos fronterizos han reportado en las \u00faltimas horas la llegada de colombianos que acudir\u00e1n al concierto, dijo el Mayor Rigoberto Cisneros del Comando Lago Agrio.<\/p>\n<p style=\"text-align: justify;\">Adem\u00e1s del operativo de seguridad y los preparativos para el concierto, los periodistas de 14 medios de comunicaci\u00f3n locales y nacionales pudieron conocer las acciones que desde la Autoridad Ambiental y otros entes del Estado se realizan para remediar los da\u00f1os causados por la contaminaci\u00f3n en Orellana y Sucumb\u00edos, las provincias que han soportado los efectos de malas pr\u00e1cticas de extracci\u00f3n petrolera por parte de Chevron-Texaco.<\/p>\n<p style=\"text-align: justify;\">Jos\u00e9 Luis D\u00edaz, t\u00e9cnico del Ministerio del Ambiente hizo un recuento del recorrido realizado por la Ministra Lorena Tapia junto a \u201cResidente\u201d y \u201cVisitante\u201d de Calle 13 por el Pozo Aguarico 4 en el marco de la campa\u00f1a &#8216;La Mano Sucia de Chevron&#8217;. \u201cEste Gobierno se ha preocupado de la deplorable situaci\u00f3n ambiental de la Amazon\u00eda. Hemos promovido proyectos de reparaci\u00f3n ambiental y social, reubicamos a familias, construimos sistemas de agua segura y el trabajo contin\u00faa gracias al esfuerzo interinstitucional\u201d.<\/p>\n<p style=\"text-align: justify;\">La visita de Calle 13 se suma a la de otros personajes famosos como Amba Jackson, Mia Farrow, Luis Eduardo Aute, Alexandra Custeau y Dany Glover, entre otros.<\/p>\n","protected":false},"excerpt":{"rendered":"<p class=\"excerpt\">El concierto gratuito del grupo de m\u00fasica urbana Calle 13 atrajo a miles de personas a Lago Agrio. El alcalde de la ciudad, Yoffre Poma, asegur\u00f3 la ma\u00f1ana de hoy que todos los hoteles est\u00e1n llenos y que se espera que entre 13.000 y 18.000 personas acudan al concierto que se llevar\u00e1 a cabo \u00e9sta noche en el Estadio de&hellip; <a href=\"https:\/\/www.ambienteyenergia.gob.ec\/ambiente\/lago-agrio-se-revela-contra-chevron-en-el-concierto-de-calle-13\/\">Read more &rarr;<\/a><\/p>\n","protected":false},"author":13,"featured_media":19750,"comment_status":"open","ping_status":"open","sticky":false,"template":"","format":"standard","meta":{"footnotes":""},"categories":[16,4],"tags":[480,479,108,53,481],"class_list":["post-19740","post","type-post","status-publish","format-standard","has-post-thumbnail","hentry","category-comunicamos","category-noticias","tag-calle-13","tag-chevron","tag-lorena-tapia","tag-mae","tag-petroleo","xfolkentry"],"_links":{"self":[{"href":"https:\/\/www.ambienteyenergia.gob.ec\/ambiente\/wp-json\/wp\/v2\/posts\/19740","targetHints":{"allow":["GET"]}}],"collection":[{"href":"https:\/\/www.ambienteyenergia.gob.ec\/ambiente\/wp-json\/wp\/v2\/posts"}],"about":[{"href":"https:\/\/www.ambienteyenergia.gob.ec\/ambiente\/wp-json\/wp\/v2\/types\/post"}],"author":[{"embeddable":true,"href":"https:\/\/www.ambienteyenergia.gob.ec\/ambiente\/wp-json\/wp\/v2\/users\/13"}],"replies":[{"embeddable":true,"href":"https:\/\/www.ambienteyenergia.gob.ec\/ambiente\/wp-json\/wp\/v2\/comments?post=19740"}],"version-history":[{"count":0,"href":"https:\/\/www.ambienteyenergia.gob.ec\/ambiente\/wp-json\/wp\/v2\/posts\/19740\/revisions"}],"wp:featuredmedia":[{"embeddable":true,"href":"https:\/\/www.ambienteyenergia.gob.ec\/ambiente\/wp-json\/wp\/v2\/media\/19750"}],"wp:attachment":[{"href":"https:\/\/www.ambienteyenergia.gob.ec\/ambiente\/wp-json\/wp\/v2\/media?parent=19740"}],"wp:term":[{"taxonomy":"category","embeddable":true,"href":"https:\/\/www.ambienteyenergia.gob.ec\/ambiente\/wp-json\/wp\/v2\/categories?post=19740"},{"taxonomy":"post_tag","embeddable":true,"href":"https:\/\/www.ambienteyenergia.gob.ec\/ambiente\/wp-json\/wp\/v2\/tags?post=19740"}],"curies":[{"name":"wp","href":"https:\/\/api.w.org\/{rel}","templated":true}]}}