{"id":19727,"date":"2014-05-02T20:30:50","date_gmt":"2014-05-03T01:30:50","guid":{"rendered":"http:\/\/www.ambiente.gob.ec\/?p=19727"},"modified":"2014-05-02T21:58:34","modified_gmt":"2014-05-03T02:58:34","slug":"calle-13-llego-a-lago-a-agrio-para-mostrar-la-mano-sucia-de-chevron","status":"publish","type":"post","link":"https:\/\/www.ambienteyenergia.gob.ec\/ambiente\/calle-13-llego-a-lago-a-agrio-para-mostrar-la-mano-sucia-de-chevron\/","title":{"rendered":"Calle 13 lleg\u00f3 a Lago a Agrio para mostrar la Mano Sucia de Chevron"},"content":{"rendered":"<div style=\"text-align: justify;\">Una militancia com\u00fan puede tener un efecto en la escritura, en la m\u00fasica y en el orden social. Esa fue la reflexi\u00f3n que Ren\u00e9 P\u00e9rez, vocalista del grupo Calle 13, comparti\u00f3 hoy con un grupo de 30 periodistas de 14 medios de comunicaci\u00f3n. Los comunicadores fueron testigos del recorrido de la banda de m\u00fasica urbana de Puerto Rico por tres piscinas adjudicadas al Pozo Aguarico 4, en donde oper\u00f3 Chevron-Texaco de 1974 a 1986.<\/div>\n<div style=\"text-align: justify;\"><\/div>\n<div style=\"text-align: justify;\"><\/div>\n<div style=\"text-align: justify;\">P\u00e9rez, mejor conocido como Residente, no lleg\u00f3 s\u00f3lo, junto a \u00e9l estaba su medio hermano Eduardo Cabra, a qui\u00e9n todos conocen como Visitante. Los dos pudieron observar, oler y tocar con sus manos el petr\u00f3leo negro y viscozo que contamina la Amazon\u00eda ecuatoriana desde hace d\u00e9cadas.<\/div>\n<div style=\"text-align: justify;\"><\/div>\n<div style=\"text-align: justify;\"><\/div>\n<div style=\"text-align: justify;\">La ministra del Ambiente, Lorena Tapia, fue la encargada de contarles la historia de explotaci\u00f3n y malas pr\u00e1cticas ambientales, evidentes a cada paso del recorrido. \u00abEs importante que el mundo sepa que el Ecuador no miente. Despu\u00e9s de 28 a\u00f1os de operaciones, Chevron-Texaco construy\u00f3 cerca de 1000 piscinas de hidrocarburos en los 221 pozos en los que oper\u00f3. De esas piscinas, s\u00f3lo la tercera parte se report\u00f3 como remediada. Sin embargo, a\u00fan no se prueba la efectividad de esos trabajos\u00bb, denunci\u00f3 Tapia.<\/div>\n<div style=\"text-align: justify;\"><\/div>\n<div style=\"text-align: justify;\"><\/div>\n<div style=\"text-align: justify;\">Paola Carrera, subsecretaria de Calidad Ambiental del Ministerio del Ambiente, gui\u00f3 el recorrido. El crudo regado en el suelo, daba cuenta de que en el Aguarico 4 no se usaron geomembranas para evitar filtraciones a los acu\u00edferos, no se construyeron diques de seguridad, no hubo gesti\u00f3n adecuada de derrames ni se construyeron cercos para evitar la ca\u00edda de animales, entre otras faltas y omisiones que terminaron en un desastre socio ambiental con nefastas consecuencias en la flora, fauna y en la salud de los habitantes.<\/div>\n<div style=\"text-align: justify;\"><\/div>\n<div style=\"text-align: justify;\"><\/div>\n<div style=\"text-align: justify;\">Los miembros de la banda aseguraron que ver el desastre que dej\u00f3 Chevron Texaco en Ecuador es semejante al desastre ambiental sucedido en la isla de Vieques, Puerto Rico. \u00abEl orden social que se cre\u00f3 alrededor de esa isla sac\u00f3 la base de la Marina que operaba en esa zona. Ese orden social es el que se necesita aqu\u00ed. Es importante que los ecuatorianos luchen y en el camino habr\u00e1 gente como nosotros que se les una\u00bb, dijo Residente.<\/div>\n<div style=\"text-align: justify;\"><\/div>\n<div style=\"text-align: justify;\"><\/div>\n<div style=\"text-align: justify;\">Ma\u00f1ana Calle 13 dar\u00e1 el concierto gratuito \u201cpor el aguante de Lago Agrio\u201d en el Estadio Deportivo de la Federaci\u00f3n de Sucumb\u00edos. De ahora en adelante, con m\u00fasica y conciertos la banda se comprometi\u00f3 a sumar el respaldo de los ciudadanos del mundo a la\u00a0\u00a0causa que, seg\u00fan sus representantes, no debe ser s\u00f3lo de Ecuador sino de Latinoam\u00e9rica y de los latinoamericanos.<\/div>\n<div style=\"text-align: justify;\"><\/div>\n<div style=\"text-align: justify;\">\n<div id='gallery-1' class='gallery galleryid-19727 gallery-columns-3 gallery-size-thumbnail'><dl class='gallery-item'>\n\t\t\t<dt class='gallery-icon landscape'>\n\t\t\t\t<a href='https:\/\/www.ambienteyenergia.gob.ec\/ambiente\/calle-13-llego-a-lago-a-agrio-para-mostrar-la-mano-sucia-de-chevron\/img_2185\/'><img loading=\"lazy\" decoding=\"async\" width=\"150\" height=\"150\" src=\"https:\/\/www.ambienteyenergia.gob.ec\/ambiente\/wp-content\/uploads\/sites\/2\/2014\/05\/IMG_2185-150x150.jpg\" class=\"attachment-thumbnail size-thumbnail\" alt=\"\" \/><\/a>\n\t\t\t<\/dt><\/dl><dl class='gallery-item'>\n\t\t\t<dt class='gallery-icon portrait'>\n\t\t\t\t<a href='https:\/\/www.ambienteyenergia.gob.ec\/ambiente\/calle-13-llego-a-lago-a-agrio-para-mostrar-la-mano-sucia-de-chevron\/img_2200\/'><img loading=\"lazy\" decoding=\"async\" width=\"150\" height=\"150\" src=\"https:\/\/www.ambienteyenergia.gob.ec\/ambiente\/wp-content\/uploads\/sites\/2\/2014\/05\/IMG_2200-150x150.jpg\" class=\"attachment-thumbnail size-thumbnail\" alt=\"\" \/><\/a>\n\t\t\t<\/dt><\/dl><dl class='gallery-item'>\n\t\t\t<dt class='gallery-icon landscape'>\n\t\t\t\t<a href='https:\/\/www.ambienteyenergia.gob.ec\/ambiente\/calle-13-llego-a-lago-a-agrio-para-mostrar-la-mano-sucia-de-chevron\/img_2296\/'><img loading=\"lazy\" decoding=\"async\" width=\"150\" height=\"150\" src=\"https:\/\/www.ambienteyenergia.gob.ec\/ambiente\/wp-content\/uploads\/sites\/2\/2014\/05\/IMG_2296-150x150.jpg\" class=\"attachment-thumbnail size-thumbnail\" alt=\"\" \/><\/a>\n\t\t\t<\/dt><\/dl><br style=\"clear: both\" \/><dl class='gallery-item'>\n\t\t\t<dt class='gallery-icon landscape'>\n\t\t\t\t<a href='https:\/\/www.ambienteyenergia.gob.ec\/ambiente\/calle-13-llego-a-lago-a-agrio-para-mostrar-la-mano-sucia-de-chevron\/img_2357\/'><img loading=\"lazy\" decoding=\"async\" width=\"150\" height=\"150\" src=\"https:\/\/www.ambienteyenergia.gob.ec\/ambiente\/wp-content\/uploads\/sites\/2\/2014\/05\/IMG_2357-150x150.jpg\" class=\"attachment-thumbnail size-thumbnail\" alt=\"\" \/><\/a>\n\t\t\t<\/dt><\/dl><dl class='gallery-item'>\n\t\t\t<dt class='gallery-icon landscape'>\n\t\t\t\t<a href='https:\/\/www.ambienteyenergia.gob.ec\/ambiente\/calle-13-llego-a-lago-a-agrio-para-mostrar-la-mano-sucia-de-chevron\/img_2497\/'><img loading=\"lazy\" decoding=\"async\" width=\"150\" height=\"150\" src=\"https:\/\/www.ambienteyenergia.gob.ec\/ambiente\/wp-content\/uploads\/sites\/2\/2014\/05\/IMG_2497-150x150.jpg\" class=\"attachment-thumbnail size-thumbnail\" alt=\"\" \/><\/a>\n\t\t\t<\/dt><\/dl>\n\t\t\t<br style='clear: both' \/>\n\t\t<\/div>\n\n<\/div>\n","protected":false},"excerpt":{"rendered":"<p class=\"excerpt\">Una militancia com\u00fan puede tener un efecto en la escritura, en la m\u00fasica y en el orden social. Esa fue la reflexi\u00f3n que Ren\u00e9 P\u00e9rez, vocalista del grupo Calle 13, comparti\u00f3 hoy con un grupo de 30 periodistas de 14 medios de comunicaci\u00f3n. Los comunicadores fueron testigos del recorrido de la banda de m\u00fasica urbana de Puerto Rico por tres&hellip; <a href=\"https:\/\/www.ambienteyenergia.gob.ec\/ambiente\/calle-13-llego-a-lago-a-agrio-para-mostrar-la-mano-sucia-de-chevron\/\">Read more &rarr;<\/a><\/p>\n","protected":false},"author":13,"featured_media":19728,"comment_status":"open","ping_status":"open","sticky":false,"template":"","format":"standard","meta":{"footnotes":""},"categories":[16,4,10],"tags":[],"class_list":["post-19727","post","type-post","status-publish","format-standard","has-post-thumbnail","hentry","category-comunicamos","category-noticias","category-noticias-destacadas","xfolkentry"],"_links":{"self":[{"href":"https:\/\/www.ambienteyenergia.gob.ec\/ambiente\/wp-json\/wp\/v2\/posts\/19727","targetHints":{"allow":["GET"]}}],"collection":[{"href":"https:\/\/www.ambienteyenergia.gob.ec\/ambiente\/wp-json\/wp\/v2\/posts"}],"about":[{"href":"https:\/\/www.ambienteyenergia.gob.ec\/ambiente\/wp-json\/wp\/v2\/types\/post"}],"author":[{"embeddable":true,"href":"https:\/\/www.ambienteyenergia.gob.ec\/ambiente\/wp-json\/wp\/v2\/users\/13"}],"replies":[{"embeddable":true,"href":"https:\/\/www.ambienteyenergia.gob.ec\/ambiente\/wp-json\/wp\/v2\/comments?post=19727"}],"version-history":[{"count":0,"href":"https:\/\/www.ambienteyenergia.gob.ec\/ambiente\/wp-json\/wp\/v2\/posts\/19727\/revisions"}],"wp:featuredmedia":[{"embeddable":true,"href":"https:\/\/www.ambienteyenergia.gob.ec\/ambiente\/wp-json\/wp\/v2\/media\/19728"}],"wp:attachment":[{"href":"https:\/\/www.ambienteyenergia.gob.ec\/ambiente\/wp-json\/wp\/v2\/media?parent=19727"}],"wp:term":[{"taxonomy":"category","embeddable":true,"href":"https:\/\/www.ambienteyenergia.gob.ec\/ambiente\/wp-json\/wp\/v2\/categories?post=19727"},{"taxonomy":"post_tag","embeddable":true,"href":"https:\/\/www.ambienteyenergia.gob.ec\/ambiente\/wp-json\/wp\/v2\/tags?post=19727"}],"curies":[{"name":"wp","href":"https:\/\/api.w.org\/{rel}","templated":true}]}}