{"id":19724,"date":"2014-05-02T12:17:59","date_gmt":"2014-05-02T17:17:59","guid":{"rendered":"http:\/\/www.ambiente.gob.ec\/?p=19724"},"modified":"2014-05-02T12:17:59","modified_gmt":"2014-05-02T17:17:59","slug":"en-chilla-provincia-de-el-oro-se-realizo-verificacion-de-obras-implementadas-por-el-mae","status":"publish","type":"post","link":"https:\/\/www.ambienteyenergia.gob.ec\/ambiente\/en-chilla-provincia-de-el-oro-se-realizo-verificacion-de-obras-implementadas-por-el-mae\/","title":{"rendered":"En Chilla provincia de El Oro, se realiz\u00f3 verificaci\u00f3n de obras implementadas por el MAE"},"content":{"rendered":"<p style=\"text-align: justify;\">Funcionarios del Proyecto de Adaptaci\u00f3n al Cambio Clim\u00e1tico a trav\u00e9s de una Efectiva Gobernabilidad del Agua en el Ecuador (PACC) que ejecuta el Ministerio del Ambiente a trav\u00e9s de la Subsecretar\u00eda de Cambio Clim\u00e1tico, en coordinaci\u00f3n con el Departamento de Gesti\u00f3n Ambiental del GAD cantonal de Chilla, realizaron un recorrido de las obras que se llevan a cabo como medida de adaptaci\u00f3n al cambio clim\u00e1tico en las \u00e1reas de intervenci\u00f3n del proyecto que corresponden a la subcuenca Chillayacu, cant\u00f3n Chilla de la provincia de El Oro.<\/p>\n<p style=\"text-align: justify;\">\nEl objetivo del recorrido fue realizar el seguimiento y verificaci\u00f3n de obras y actividades ejecutadas por el proyecto PACC, conforme al cronograma establecido para la implementaci\u00f3n de estrategias y medidas que faciliten la adaptaci\u00f3n al cambio clim\u00e1tico en el manejo del agua. Se pudo constatar la protecci\u00f3n f\u00edsica de cinco fuentes h\u00eddricas, labores en el vivero y zona de germinaci\u00f3n para la producci\u00f3n de plantas nativas y los avances en la construcci\u00f3n de un centro de interpretaci\u00f3n ambiental.\u2028\u2028La colaboraci\u00f3n de los responsables y ejecutores del proyecto ha sido un gran apoyo para el logro de las metas establecidas como prioritarias dentro del proyecto PACC.<\/p>\n","protected":false},"excerpt":{"rendered":"<p class=\"excerpt\">Funcionarios del Proyecto de Adaptaci\u00f3n al Cambio Clim\u00e1tico a trav\u00e9s de una Efectiva Gobernabilidad del Agua en el Ecuador (PACC) que ejecuta el Ministerio del Ambiente a trav\u00e9s de la Subsecretar\u00eda de Cambio Clim\u00e1tico, en coordinaci\u00f3n con el Departamento de Gesti\u00f3n Ambiental del GAD cantonal de Chilla, realizaron un recorrido de las obras que se llevan a cabo como medida&hellip; <a href=\"https:\/\/www.ambienteyenergia.gob.ec\/ambiente\/en-chilla-provincia-de-el-oro-se-realizo-verificacion-de-obras-implementadas-por-el-mae\/\">Read more &rarr;<\/a><\/p>\n","protected":false},"author":13,"featured_media":19725,"comment_status":"open","ping_status":"open","sticky":false,"template":"","format":"standard","meta":{"footnotes":""},"categories":[16,4],"tags":[],"class_list":["post-19724","post","type-post","status-publish","format-standard","has-post-thumbnail","hentry","category-comunicamos","category-noticias","xfolkentry"],"_links":{"self":[{"href":"https:\/\/www.ambienteyenergia.gob.ec\/ambiente\/wp-json\/wp\/v2\/posts\/19724","targetHints":{"allow":["GET"]}}],"collection":[{"href":"https:\/\/www.ambienteyenergia.gob.ec\/ambiente\/wp-json\/wp\/v2\/posts"}],"about":[{"href":"https:\/\/www.ambienteyenergia.gob.ec\/ambiente\/wp-json\/wp\/v2\/types\/post"}],"author":[{"embeddable":true,"href":"https:\/\/www.ambienteyenergia.gob.ec\/ambiente\/wp-json\/wp\/v2\/users\/13"}],"replies":[{"embeddable":true,"href":"https:\/\/www.ambienteyenergia.gob.ec\/ambiente\/wp-json\/wp\/v2\/comments?post=19724"}],"version-history":[{"count":0,"href":"https:\/\/www.ambienteyenergia.gob.ec\/ambiente\/wp-json\/wp\/v2\/posts\/19724\/revisions"}],"wp:featuredmedia":[{"embeddable":true,"href":"https:\/\/www.ambienteyenergia.gob.ec\/ambiente\/wp-json\/wp\/v2\/media\/19725"}],"wp:attachment":[{"href":"https:\/\/www.ambienteyenergia.gob.ec\/ambiente\/wp-json\/wp\/v2\/media?parent=19724"}],"wp:term":[{"taxonomy":"category","embeddable":true,"href":"https:\/\/www.ambienteyenergia.gob.ec\/ambiente\/wp-json\/wp\/v2\/categories?post=19724"},{"taxonomy":"post_tag","embeddable":true,"href":"https:\/\/www.ambienteyenergia.gob.ec\/ambiente\/wp-json\/wp\/v2\/tags?post=19724"}],"curies":[{"name":"wp","href":"https:\/\/api.w.org\/{rel}","templated":true}]}}