{"id":19722,"date":"2014-05-02T12:15:45","date_gmt":"2014-05-02T17:15:45","guid":{"rendered":"http:\/\/www.ambiente.gob.ec\/?p=19722"},"modified":"2014-05-02T12:15:45","modified_gmt":"2014-05-02T17:15:45","slug":"mae-socializa-sobre-trafico-y-tenencia-de-vida-silvestre-en-imbabura-2","status":"publish","type":"post","link":"https:\/\/www.ambienteyenergia.gob.ec\/ambiente\/mae-socializa-sobre-trafico-y-tenencia-de-vida-silvestre-en-imbabura-2\/","title":{"rendered":"MAE socializa sobre tr\u00e1fico y tenencia de Vida Silvestre en Imbabura"},"content":{"rendered":"<p style=\"text-align: justify;\">El Ministerio del Ambiente (MAE), a trav\u00e9s de la Direcci\u00f3n Provincial del Ambiente de Imbabura\u00a0 en coordinaci\u00f3n con la UPMA, participaron en las jornadas de socializaci\u00f3n sobre el tr\u00e1fico y tenencia de Vida Silvestre en la Provincia.<\/p>\n<p>El tr\u00e1fico ilegal de vida silvestre es una de las principales causas de la p\u00e9rdida de\u00a0 biodiversidad en el pa\u00eds, sometiendo a las especies silvestres a fuertes presiones que\u00a0 amenazan con la reducci\u00f3n de su poblaci\u00f3n hasta su extinci\u00f3n.<\/p>\n<p>Conscientes del terrible efecto que produce esta actividad il\u00edcita las autoridades\u00a0 ecuatorianas encabezadas por el MAE elaboraron marcos legales que\u00a0 regulen dicha actividad.<\/p>\n<p>Una vez establecida la prohibici\u00f3n de la extracci\u00f3n ilegal de vida silvestre, de los ecosistemas naturales, se hace necesaria la implementaci\u00f3n del control para el decomiso de ejemplares vivos, muertos, partes constitutivas y\u00a0 productos derivados de fauna silvestre, los mismos que son puestos en custodia\u00a0 de la instituci\u00f3n a cargo de su manejo.<\/p>\n<p>Esta Cartera de Estado hace un llamado a la reflexi\u00f3n de la poblaci\u00f3n para evitar las sanciones correspondientes de acuerdo a las normativas ambientales vigentes, con la finalidad de mantener el patrimonio natural de nuestro pa\u00eds.<\/p>\n","protected":false},"excerpt":{"rendered":"<p class=\"excerpt\">El Ministerio del Ambiente (MAE), a trav\u00e9s de la Direcci\u00f3n Provincial del Ambiente de Imbabura\u00a0 en coordinaci\u00f3n con la UPMA, participaron en las jornadas de socializaci\u00f3n sobre el tr\u00e1fico y tenencia de Vida Silvestre en la Provincia. El tr\u00e1fico ilegal de vida silvestre es una de las principales causas de la p\u00e9rdida de\u00a0 biodiversidad en el pa\u00eds, sometiendo a las&hellip; <a href=\"https:\/\/www.ambienteyenergia.gob.ec\/ambiente\/mae-socializa-sobre-trafico-y-tenencia-de-vida-silvestre-en-imbabura-2\/\">Read more &rarr;<\/a><\/p>\n","protected":false},"author":13,"featured_media":19463,"comment_status":"open","ping_status":"open","sticky":false,"template":"","format":"standard","meta":{"footnotes":""},"categories":[16,4],"tags":[],"class_list":["post-19722","post","type-post","status-publish","format-standard","has-post-thumbnail","hentry","category-comunicamos","category-noticias","xfolkentry"],"_links":{"self":[{"href":"https:\/\/www.ambienteyenergia.gob.ec\/ambiente\/wp-json\/wp\/v2\/posts\/19722","targetHints":{"allow":["GET"]}}],"collection":[{"href":"https:\/\/www.ambienteyenergia.gob.ec\/ambiente\/wp-json\/wp\/v2\/posts"}],"about":[{"href":"https:\/\/www.ambienteyenergia.gob.ec\/ambiente\/wp-json\/wp\/v2\/types\/post"}],"author":[{"embeddable":true,"href":"https:\/\/www.ambienteyenergia.gob.ec\/ambiente\/wp-json\/wp\/v2\/users\/13"}],"replies":[{"embeddable":true,"href":"https:\/\/www.ambienteyenergia.gob.ec\/ambiente\/wp-json\/wp\/v2\/comments?post=19722"}],"version-history":[{"count":0,"href":"https:\/\/www.ambienteyenergia.gob.ec\/ambiente\/wp-json\/wp\/v2\/posts\/19722\/revisions"}],"wp:featuredmedia":[{"embeddable":true,"href":"https:\/\/www.ambienteyenergia.gob.ec\/ambiente\/wp-json\/wp\/v2\/media\/19463"}],"wp:attachment":[{"href":"https:\/\/www.ambienteyenergia.gob.ec\/ambiente\/wp-json\/wp\/v2\/media?parent=19722"}],"wp:term":[{"taxonomy":"category","embeddable":true,"href":"https:\/\/www.ambienteyenergia.gob.ec\/ambiente\/wp-json\/wp\/v2\/categories?post=19722"},{"taxonomy":"post_tag","embeddable":true,"href":"https:\/\/www.ambienteyenergia.gob.ec\/ambiente\/wp-json\/wp\/v2\/tags?post=19722"}],"curies":[{"name":"wp","href":"https:\/\/api.w.org\/{rel}","templated":true}]}}