{"id":19719,"date":"2014-05-02T11:36:29","date_gmt":"2014-05-02T16:36:29","guid":{"rendered":"http:\/\/www.ambiente.gob.ec\/?p=19719"},"modified":"2014-05-02T11:36:29","modified_gmt":"2014-05-02T16:36:29","slug":"mae-participo-en-el-foro-internacional-sobre-experiencias-de-manejo-de-riesgos-asociados-al-cambio-climatico-en-tres-paises-del-pacifico-sur","status":"publish","type":"post","link":"https:\/\/www.ambienteyenergia.gob.ec\/ambiente\/mae-participo-en-el-foro-internacional-sobre-experiencias-de-manejo-de-riesgos-asociados-al-cambio-climatico-en-tres-paises-del-pacifico-sur\/","title":{"rendered":"MAE particip\u00f3 en el \u201cForo Internacional sobre experiencias de manejo de riesgos asociados al cambio clim\u00e1tico en tres pa\u00edses del Pac\u00edfico Sur\u201d"},"content":{"rendered":"<style type=\"text\/css\"><!--\nP { margin-bottom: 0.21cm; }\n--><\/style>\n<p style=\"text-align: justify;\" align=\"JUSTIFY\">La Subsecretar\u00eda de Cambio Clim\u00e1tico del Ministerio del Ambiente del Ecuador junto a expositores internacionales de Per\u00fa, Chile, Colombia y Portugal comparti\u00f3 sus experiencias sobre el \u201cEstado y desaf\u00edos de las negociaciones clim\u00e1ticas\u201d para tratar sobre los procesos de construcci\u00f3n y fortalecimiento de v\u00ednculos entre gesti\u00f3n de riesgos y gesti\u00f3n de impactos asociados a cambio clim\u00e1tico, tanto a nivel local, regional e internacional. Asimismo, los participantes pudieron compartir herramientas t\u00e9cnicas, cient\u00edficas y de gesti\u00f3n, en el af\u00e1n de aportar al mejoramiento de las capacidades de los pa\u00edses parte, y de esta forma entender los riesgos asociados al cambio clim\u00e1tico sobre las costas y sus recursos.<\/p>\n<p style=\"text-align: justify;\" align=\"JUSTIFY\">Durante los tres d\u00edas de foro, se conoci\u00f3 sobre el desarrollo del proyecto Adaptaci\u00f3n y Mitigaci\u00f3n al Cambio Clim\u00e1tico en Zonas Costeras (ADMICO), que busca establecer la relaci\u00f3n entre la gesti\u00f3n del riesgo y la planificaci\u00f3n del territorio, identificar puntos de encuentro entre la gesti\u00f3n de riesgos y cambio clim\u00e1tico, aprender sobre la aplicaci\u00f3n de herramientas t\u00e9cnicas para la investigaci\u00f3n y finalmente, conocer experiencias locales exitosas en materia de adaptaci\u00f3n.<\/p>\n<p style=\"text-align: justify;\" align=\"JUSTIFY\">En este aspecto, Ecuador destaca en el contexto internacional, por los importantes avances sobre la generaci\u00f3n y aplicaci\u00f3n de pol\u00edticas p\u00fablicas para la gesti\u00f3n del territorio, especialmente en materia de cambio clim\u00e1tico, ambiente, gesti\u00f3n de riesgos y participaci\u00f3n ciudadana.<\/p>\n<p style=\"text-align: justify;\" align=\"JUSTIFY\"><a name=\"OBJ_PREFIX_DWT286_com_zimbra_date\"><\/a><a name=\"OBJ_PREFIX_DWT285_com_zimbra_date\"><\/a> Es de suma importancia entender las condiciones y fen\u00f3menos que afectan a nuestras costas y sus poblaciones vulnerables, adem\u00e1s del aprendizaje en materia de prevenci\u00f3n de los riesgos para aumentar la capacidad de enfrentamiento y adaptaci\u00f3n a ellos. El trabajo entre las instituciones se fortalece desde la construcci\u00f3n social con la finalidad proteger la salud de los ecosistemas, que es la principal riqueza de nuestras costas.<\/p>\n<p style=\"text-align: justify;\" align=\"JUSTIFY\"><a name=\"OBJ_PREFIX_DWT761_com_zimbra_date\"><\/a>Pesca, turismo, comercio y servicios eco-sist\u00e9micos del perfil costanero son, en diversas formas, vulnerables a los cada vez m\u00e1s intensos eventos clim\u00e1ticos extremos, principalmente los ocurridos a causa del fen\u00f3meno El Ni\u00f1o Oscilaci\u00f3n Sur (ENSO por sus siglas en ingl\u00e9s), sumado a las variaciones en el nivel del mar y a los cambios en los patrones del clima.<\/p>\n<p style=\"text-align: justify;\" align=\"JUSTIFY\">Participantes:<\/p>\n<p style=\"text-align: justify;\" align=\"JUSTIFY\">Secretar\u00eda Nacional de Gesti\u00f3n de Riesgos (Ecuador),<\/p>\n<p style=\"text-align: justify;\" align=\"JUSTIFY\">Subsecretar\u00eda de Cambio Clim\u00e1tico (Ecuador),<\/p>\n<p style=\"text-align: justify;\" align=\"JUSTIFY\">Eco Costas (Ecuador),<\/p>\n<p style=\"text-align: justify;\" align=\"JUSTIFY\">GAD Manta (Ecuador),<\/p>\n<p style=\"text-align: justify;\" align=\"JUSTIFY\">GAD municipal y parroquial San Crist\u00f3bal (Gal\u00e1pagos, Ecuador),<\/p>\n<p style=\"text-align: justify;\" align=\"JUSTIFY\">Comit\u00e9s Locales, ESPOL (Ecuador),<\/p>\n<p style=\"text-align: justify;\" align=\"JUSTIFY\">Proyecto ADMICCO (Per\u00fa, Chile y Ecuador),<\/p>\n<p style=\"text-align: justify;\" align=\"JUSTIFY\">CooperAcci\u00f3n (Per\u00fa),<\/p>\n<p style=\"text-align: justify;\" align=\"JUSTIFY\">Labor (Per\u00fa),<\/p>\n<p style=\"text-align: justify;\" align=\"JUSTIFY\">Comisi\u00f3n Ambiental Municipal de la provincia de Huaura (Per\u00fa),<\/p>\n<p style=\"text-align: justify;\" align=\"JUSTIFY\">Autoridad Administrativa del Agua (Per\u00fa),<\/p>\n<p style=\"text-align: justify;\" align=\"JUSTIFY\">CEDESUS (Chile),<\/p>\n<p style=\"text-align: justify;\" align=\"JUSTIFY\">Alcalde y Oficina de borde Costero Ilustre Municipalidad de Navidad (Chile),<\/p>\n<p style=\"text-align: justify;\" align=\"JUSTIFY\">IST (Portugal),<\/p>\n<p style=\"text-align: justify;\" align=\"JUSTIFY\">Universidad de Lisboa (Portugal).<\/p>\n","protected":false},"excerpt":{"rendered":"<p class=\"excerpt\">La Subsecretar\u00eda de Cambio Clim\u00e1tico del Ministerio del Ambiente del Ecuador junto a expositores internacionales de Per\u00fa, Chile, Colombia y Portugal comparti\u00f3 sus experiencias sobre el \u201cEstado y desaf\u00edos de las negociaciones clim\u00e1ticas\u201d para tratar sobre los procesos de construcci\u00f3n y fortalecimiento de v\u00ednculos entre gesti\u00f3n de riesgos y gesti\u00f3n de impactos asociados a cambio clim\u00e1tico, tanto a nivel local,&hellip; <a href=\"https:\/\/www.ambienteyenergia.gob.ec\/ambiente\/mae-participo-en-el-foro-internacional-sobre-experiencias-de-manejo-de-riesgos-asociados-al-cambio-climatico-en-tres-paises-del-pacifico-sur\/\">Read more &rarr;<\/a><\/p>\n","protected":false},"author":13,"featured_media":19720,"comment_status":"open","ping_status":"open","sticky":false,"template":"","format":"standard","meta":{"footnotes":""},"categories":[16,4],"tags":[],"class_list":["post-19719","post","type-post","status-publish","format-standard","has-post-thumbnail","hentry","category-comunicamos","category-noticias","xfolkentry"],"_links":{"self":[{"href":"https:\/\/www.ambienteyenergia.gob.ec\/ambiente\/wp-json\/wp\/v2\/posts\/19719","targetHints":{"allow":["GET"]}}],"collection":[{"href":"https:\/\/www.ambienteyenergia.gob.ec\/ambiente\/wp-json\/wp\/v2\/posts"}],"about":[{"href":"https:\/\/www.ambienteyenergia.gob.ec\/ambiente\/wp-json\/wp\/v2\/types\/post"}],"author":[{"embeddable":true,"href":"https:\/\/www.ambienteyenergia.gob.ec\/ambiente\/wp-json\/wp\/v2\/users\/13"}],"replies":[{"embeddable":true,"href":"https:\/\/www.ambienteyenergia.gob.ec\/ambiente\/wp-json\/wp\/v2\/comments?post=19719"}],"version-history":[{"count":0,"href":"https:\/\/www.ambienteyenergia.gob.ec\/ambiente\/wp-json\/wp\/v2\/posts\/19719\/revisions"}],"wp:featuredmedia":[{"embeddable":true,"href":"https:\/\/www.ambienteyenergia.gob.ec\/ambiente\/wp-json\/wp\/v2\/media\/19720"}],"wp:attachment":[{"href":"https:\/\/www.ambienteyenergia.gob.ec\/ambiente\/wp-json\/wp\/v2\/media?parent=19719"}],"wp:term":[{"taxonomy":"category","embeddable":true,"href":"https:\/\/www.ambienteyenergia.gob.ec\/ambiente\/wp-json\/wp\/v2\/categories?post=19719"},{"taxonomy":"post_tag","embeddable":true,"href":"https:\/\/www.ambienteyenergia.gob.ec\/ambiente\/wp-json\/wp\/v2\/tags?post=19719"}],"curies":[{"name":"wp","href":"https:\/\/api.w.org\/{rel}","templated":true}]}}