{"id":19714,"date":"2014-05-02T11:06:22","date_gmt":"2014-05-02T16:06:22","guid":{"rendered":"http:\/\/www.ambiente.gob.ec\/?p=19714"},"modified":"2014-05-02T11:06:22","modified_gmt":"2014-05-02T16:06:22","slug":"mae-inicia-monitoreo-de-especies-en-la-laguna-de-cuicocha-de-la-recc","status":"publish","type":"post","link":"https:\/\/www.ambienteyenergia.gob.ec\/ambiente\/mae-inicia-monitoreo-de-especies-en-la-laguna-de-cuicocha-de-la-recc\/","title":{"rendered":"MAE inicia monitoreo de especies en la laguna de Cuicocha de la RECC"},"content":{"rendered":"<p style=\"text-align: justify;\">El Ministerio del Ambiente, a trav\u00e9s de la Direcci\u00f3n Provincial del Ambiente de Imbabura\u00a0 en coordinaci\u00f3n con la Unidad de Protecci\u00f3n del Medio Ambiente (UPMA), Representantes de la Empresa de Turismo Cotacachi y Guardaparques de la Reserva Ecol\u00f3gica Cotacachi Cayapas, procedieron a la instalaci\u00f3n de una c\u00e1mara trampa con la finalidad de monitorear las especies que habitan en la laguna de Cuicocha.<\/p>\n<p>EL objetivo de esto, es evidenciar la presencia de mam\u00edferos en el Islote Yerovi, a una altitud de 3 068msnm. Cuicocha es una\u00a0 caldera volc\u00e1nica y cr\u00e1ter, al pie del\u00a0 volc\u00e1n Cotacachi\u00a0 en la cordillera Occidental de los\u00a0 Andes\u00a0 ecuatorianos.<\/p>\n<p>El borde de la caldera es extremadamente pendiente de tal manera que la acumulaci\u00f3n de sedimento es insuficiente para el desarrollo de abundante vegetaci\u00f3n hidr\u00f3fita. Sin embargo las islas, al interior de la caldera, poseen una vegetaci\u00f3n con m\u00e1s de 400 especies, en las que destacan plantas medicinales, utilitarias y decorativas que forman el h\u00e1bitat de mam\u00edferos y especialmente aves andinas.<\/p>\n","protected":false},"excerpt":{"rendered":"<p class=\"excerpt\">El Ministerio del Ambiente, a trav\u00e9s de la Direcci\u00f3n Provincial del Ambiente de Imbabura\u00a0 en coordinaci\u00f3n con la Unidad de Protecci\u00f3n del Medio Ambiente (UPMA), Representantes de la Empresa de Turismo Cotacachi y Guardaparques de la Reserva Ecol\u00f3gica Cotacachi Cayapas, procedieron a la instalaci\u00f3n de una c\u00e1mara trampa con la finalidad de monitorear las especies que habitan en la laguna&hellip; <a href=\"https:\/\/www.ambienteyenergia.gob.ec\/ambiente\/mae-inicia-monitoreo-de-especies-en-la-laguna-de-cuicocha-de-la-recc\/\">Read more &rarr;<\/a><\/p>\n","protected":false},"author":13,"featured_media":19715,"comment_status":"open","ping_status":"open","sticky":false,"template":"","format":"standard","meta":{"footnotes":""},"categories":[16,4],"tags":[],"class_list":["post-19714","post","type-post","status-publish","format-standard","has-post-thumbnail","hentry","category-comunicamos","category-noticias","xfolkentry"],"_links":{"self":[{"href":"https:\/\/www.ambienteyenergia.gob.ec\/ambiente\/wp-json\/wp\/v2\/posts\/19714","targetHints":{"allow":["GET"]}}],"collection":[{"href":"https:\/\/www.ambienteyenergia.gob.ec\/ambiente\/wp-json\/wp\/v2\/posts"}],"about":[{"href":"https:\/\/www.ambienteyenergia.gob.ec\/ambiente\/wp-json\/wp\/v2\/types\/post"}],"author":[{"embeddable":true,"href":"https:\/\/www.ambienteyenergia.gob.ec\/ambiente\/wp-json\/wp\/v2\/users\/13"}],"replies":[{"embeddable":true,"href":"https:\/\/www.ambienteyenergia.gob.ec\/ambiente\/wp-json\/wp\/v2\/comments?post=19714"}],"version-history":[{"count":0,"href":"https:\/\/www.ambienteyenergia.gob.ec\/ambiente\/wp-json\/wp\/v2\/posts\/19714\/revisions"}],"wp:featuredmedia":[{"embeddable":true,"href":"https:\/\/www.ambienteyenergia.gob.ec\/ambiente\/wp-json\/wp\/v2\/media\/19715"}],"wp:attachment":[{"href":"https:\/\/www.ambienteyenergia.gob.ec\/ambiente\/wp-json\/wp\/v2\/media?parent=19714"}],"wp:term":[{"taxonomy":"category","embeddable":true,"href":"https:\/\/www.ambienteyenergia.gob.ec\/ambiente\/wp-json\/wp\/v2\/categories?post=19714"},{"taxonomy":"post_tag","embeddable":true,"href":"https:\/\/www.ambienteyenergia.gob.ec\/ambiente\/wp-json\/wp\/v2\/tags?post=19714"}],"curies":[{"name":"wp","href":"https:\/\/api.w.org\/{rel}","templated":true}]}}