{"id":19708,"date":"2014-05-02T10:57:54","date_gmt":"2014-05-02T15:57:54","guid":{"rendered":"http:\/\/www.ambiente.gob.ec\/?p=19708"},"modified":"2014-05-02T11:00:55","modified_gmt":"2014-05-02T16:00:55","slug":"mae-socializa-sobre-trafico-y-tenencia-de-vida-silvestre-en-imbabura","status":"publish","type":"post","link":"https:\/\/www.ambienteyenergia.gob.ec\/ambiente\/mae-socializa-sobre-trafico-y-tenencia-de-vida-silvestre-en-imbabura\/","title":{"rendered":"MAE socializa sobre restauraci\u00f3n y afectaci\u00f3n de animales silvestres a diferentes comunidades en Imbabura"},"content":{"rendered":"<p style=\"text-align: justify;\">El Ministerio del Ambiente (MAE), a trav\u00e9s de la Direcci\u00f3n Provincial del Ambiente de Imbabura, en coordinaci\u00f3n con la Junta Parroquial de la Carolina, cant\u00f3n Ibarra, la Tenencia Pol\u00edtica y varias comunidades del sector, se realiz\u00f3 una reuni\u00f3n de trabajo para informar sobre las actividades que se vienen desarrollando en la provincia.<\/p>\n<p>En el evento participaron 25 representantes de las comunidades, en el cual la Ing. Margarita Vaca expuso sobre el nuevo modelo de gesti\u00f3n que se llevar\u00e1 a cabo en el proyecto de reforestaci\u00f3n y restauraci\u00f3n con plantas forestales y frutales, en las zonas involucradas.<\/p>\n<p>Tambi\u00e9n se expuso sobre el proceso de Biodiversidad, su importancia a nivel de capacitaci\u00f3n, sensibilizaci\u00f3n y aplicaci\u00f3n de los proyectos y programas que viene desarrollando el MAE, para evitar el avance de la frontera agr\u00edcola, los incendio forestales, la deforestaci\u00f3n.<\/p>\n<p>Para estas iniciativas se cuenta con 400 hect\u00e1reas donadas por diferentes comunidades involucradas en los proyectos impulsados por esta Cartera de Estado, para favorecer a un Ecuador m\u00e1s Verde, por medio del cuidado de nuestro patrimonio natural.<\/p>\n","protected":false},"excerpt":{"rendered":"<p class=\"excerpt\">El Ministerio del Ambiente (MAE), a trav\u00e9s de la Direcci\u00f3n Provincial del Ambiente de Imbabura, en coordinaci\u00f3n con la Junta Parroquial de la Carolina, cant\u00f3n Ibarra, la Tenencia Pol\u00edtica y varias comunidades del sector, se realiz\u00f3 una reuni\u00f3n de trabajo para informar sobre las actividades que se vienen desarrollando en la provincia. En el evento participaron 25 representantes de las&hellip; <a href=\"https:\/\/www.ambienteyenergia.gob.ec\/ambiente\/mae-socializa-sobre-trafico-y-tenencia-de-vida-silvestre-en-imbabura\/\">Read more &rarr;<\/a><\/p>\n","protected":false},"author":13,"featured_media":19712,"comment_status":"open","ping_status":"open","sticky":false,"template":"","format":"standard","meta":{"footnotes":""},"categories":[16,4],"tags":[],"class_list":["post-19708","post","type-post","status-publish","format-standard","has-post-thumbnail","hentry","category-comunicamos","category-noticias","xfolkentry"],"_links":{"self":[{"href":"https:\/\/www.ambienteyenergia.gob.ec\/ambiente\/wp-json\/wp\/v2\/posts\/19708","targetHints":{"allow":["GET"]}}],"collection":[{"href":"https:\/\/www.ambienteyenergia.gob.ec\/ambiente\/wp-json\/wp\/v2\/posts"}],"about":[{"href":"https:\/\/www.ambienteyenergia.gob.ec\/ambiente\/wp-json\/wp\/v2\/types\/post"}],"author":[{"embeddable":true,"href":"https:\/\/www.ambienteyenergia.gob.ec\/ambiente\/wp-json\/wp\/v2\/users\/13"}],"replies":[{"embeddable":true,"href":"https:\/\/www.ambienteyenergia.gob.ec\/ambiente\/wp-json\/wp\/v2\/comments?post=19708"}],"version-history":[{"count":0,"href":"https:\/\/www.ambienteyenergia.gob.ec\/ambiente\/wp-json\/wp\/v2\/posts\/19708\/revisions"}],"wp:featuredmedia":[{"embeddable":true,"href":"https:\/\/www.ambienteyenergia.gob.ec\/ambiente\/wp-json\/wp\/v2\/media\/19712"}],"wp:attachment":[{"href":"https:\/\/www.ambienteyenergia.gob.ec\/ambiente\/wp-json\/wp\/v2\/media?parent=19708"}],"wp:term":[{"taxonomy":"category","embeddable":true,"href":"https:\/\/www.ambienteyenergia.gob.ec\/ambiente\/wp-json\/wp\/v2\/categories?post=19708"},{"taxonomy":"post_tag","embeddable":true,"href":"https:\/\/www.ambienteyenergia.gob.ec\/ambiente\/wp-json\/wp\/v2\/tags?post=19708"}],"curies":[{"name":"wp","href":"https:\/\/api.w.org\/{rel}","templated":true}]}}