{"id":19706,"date":"2014-04-30T21:09:55","date_gmt":"2014-05-01T02:09:55","guid":{"rendered":"http:\/\/www.ambiente.gob.ec\/?p=19706"},"modified":"2014-04-30T21:09:55","modified_gmt":"2014-05-01T02:09:55","slug":"mae-lidera-acciones-legales-sobre-embarcaciones-retenidas","status":"publish","type":"post","link":"https:\/\/www.ambienteyenergia.gob.ec\/ambiente\/mae-lidera-acciones-legales-sobre-embarcaciones-retenidas\/","title":{"rendered":"MAE lidera acciones legales sobre embarcaciones retenidas"},"content":{"rendered":"<div style=\"text-align: justify;\">En los \u00faltimos 4 a\u00f1os, la Direcci\u00f3n del Parque Nacional Gal\u00e1pagos, del Ministerio del Ambiente, a trav\u00e9s de las acciones de control y vigilancia de la Reserva Marina, lograron la captura de 4 embarcaciones mayores, que se encontraban dentro del \u00e1rea marina protegida sin la debida autorizaci\u00f3n, con especies protegidas capturadas y con artes de pescas prohibidos de usar.<\/div>\n<div style=\"text-align: justify;\"><\/div>\n<div style=\"text-align: justify;\">Estos posibles delitos ambientales han seguido el proceso penal correspondiente, impulsado por la Fiscal\u00eda de San Crist\u00f3bal, a fin de lograr las sanciones respectivas, lo cual se logr\u00f3 gracias a la gesti\u00f3n particular de la Ministra del Ambiente, Lorena Tapia, por su inter\u00e9s en agilitar este tipo de procesos.<\/div>\n<div style=\"text-align: justify;\"><\/div>\n<div style=\"text-align: justify;\">Al ser una de las evidencias dentro de los procesos penales, dos embarcaciones: Fer Mary I y Siempre Angelito VI, fueron varadas en la Playa de los Marinos por disposici\u00f3n de la Jueza de la Unidad Multicompetente del cant\u00f3n San Crist\u00f3bal, para evitar el posible hundimiento de las mismas, debido a su obsoleta estructura de madera. En Gal\u00e1pagos no existe un sitio destinado para actividades de varamiento y mantenimiento de embarcaciones.<\/div>\n<div style=\"text-align: justify;\"><\/div>\n<div style=\"text-align: justify;\">Sin embargo, esta medida no represent\u00f3 una soluci\u00f3n final, puesto que de acuerdo a un informe de la Secretar\u00eda Nacional de Riesgos presentada ante la judicatura respectiva, las embarcaciones varadas en zona de playa representan impactos en la \u00e9poca invernal por el posible arrastre de otras embarcaciones varadas en la bah\u00eda, adem\u00e1s de contaminaci\u00f3n visual, entre otros.<\/div>\n<div style=\"text-align: justify;\"><\/div>\n<div style=\"text-align: justify;\"><b>En respuesta a los escritos presentados por la DPNG,<\/b> la Jueza de la Unidad Multicompetente dispuso el traslado de la embarcaci\u00f3n a los patios de la Polic\u00eda Judicial, para lo cual autoriz\u00f3 el desarme de la misma, de ser necesario, en vista de que los informes de la DPNG indican que la estructura de las embarcaciones no resiste m\u00e1s movimientos.<\/div>\n<div style=\"text-align: justify;\"><\/div>\n<div style=\"text-align: justify;\">Ayer, en una reuni\u00f3n de trabajo motivada por la Unidad T\u00e9cnica San Crist\u00f3bal, de la DPNG, con otras instituciones locales como la Armada Nacional, Capitan\u00eda de Puerto, Secretar\u00eda T\u00e9cnica del Consejo de Gobierno, Secretar\u00eda de Gesti\u00f3n de Riesgos, Municipio de San Crist\u00f3bal y Polic\u00eda Nacional, se estableci\u00f3 las acciones a seguir para dar cumplimiento a lo dispuesto por la jueza.<\/div>\n","protected":false},"excerpt":{"rendered":"<p class=\"excerpt\">En los \u00faltimos 4 a\u00f1os, la Direcci\u00f3n del Parque Nacional Gal\u00e1pagos, del Ministerio del Ambiente, a trav\u00e9s de las acciones de control y vigilancia de la Reserva Marina, lograron la captura de 4 embarcaciones mayores, que se encontraban dentro del \u00e1rea marina protegida sin la debida autorizaci\u00f3n, con especies protegidas capturadas y con artes de pescas prohibidos de usar. Estos&hellip; <a href=\"https:\/\/www.ambienteyenergia.gob.ec\/ambiente\/mae-lidera-acciones-legales-sobre-embarcaciones-retenidas\/\">Read more &rarr;<\/a><\/p>\n","protected":false},"author":13,"featured_media":19452,"comment_status":"open","ping_status":"open","sticky":false,"template":"","format":"standard","meta":{"footnotes":""},"categories":[16,4],"tags":[],"class_list":["post-19706","post","type-post","status-publish","format-standard","has-post-thumbnail","hentry","category-comunicamos","category-noticias","xfolkentry"],"_links":{"self":[{"href":"https:\/\/www.ambienteyenergia.gob.ec\/ambiente\/wp-json\/wp\/v2\/posts\/19706","targetHints":{"allow":["GET"]}}],"collection":[{"href":"https:\/\/www.ambienteyenergia.gob.ec\/ambiente\/wp-json\/wp\/v2\/posts"}],"about":[{"href":"https:\/\/www.ambienteyenergia.gob.ec\/ambiente\/wp-json\/wp\/v2\/types\/post"}],"author":[{"embeddable":true,"href":"https:\/\/www.ambienteyenergia.gob.ec\/ambiente\/wp-json\/wp\/v2\/users\/13"}],"replies":[{"embeddable":true,"href":"https:\/\/www.ambienteyenergia.gob.ec\/ambiente\/wp-json\/wp\/v2\/comments?post=19706"}],"version-history":[{"count":0,"href":"https:\/\/www.ambienteyenergia.gob.ec\/ambiente\/wp-json\/wp\/v2\/posts\/19706\/revisions"}],"wp:featuredmedia":[{"embeddable":true,"href":"https:\/\/www.ambienteyenergia.gob.ec\/ambiente\/wp-json\/wp\/v2\/media\/19452"}],"wp:attachment":[{"href":"https:\/\/www.ambienteyenergia.gob.ec\/ambiente\/wp-json\/wp\/v2\/media?parent=19706"}],"wp:term":[{"taxonomy":"category","embeddable":true,"href":"https:\/\/www.ambienteyenergia.gob.ec\/ambiente\/wp-json\/wp\/v2\/categories?post=19706"},{"taxonomy":"post_tag","embeddable":true,"href":"https:\/\/www.ambienteyenergia.gob.ec\/ambiente\/wp-json\/wp\/v2\/tags?post=19706"}],"curies":[{"name":"wp","href":"https:\/\/api.w.org\/{rel}","templated":true}]}}