{"id":19699,"date":"2014-04-30T13:23:18","date_gmt":"2014-04-30T18:23:18","guid":{"rendered":"http:\/\/www.ambiente.gob.ec\/?p=19699"},"modified":"2014-04-30T13:23:18","modified_gmt":"2014-04-30T18:23:18","slug":"en-azuay-mae-participo-en-la-celebracion-del-440-aniversario-de-parroquializacion-de-san-bartolome","status":"publish","type":"post","link":"https:\/\/www.ambienteyenergia.gob.ec\/ambiente\/en-azuay-mae-participo-en-la-celebracion-del-440-aniversario-de-parroquializacion-de-san-bartolome\/","title":{"rendered":"En Azuay, MAE particip\u00f3 en la celebraci\u00f3n del 440 aniversario de parroquializaci\u00f3n de San Bartolom\u00e9"},"content":{"rendered":"<p style=\"text-align: justify;\">La parroquia San Bartolom\u00e9 de Arushapa de la provincia de Azuay, celebr\u00f3 sus 440 a\u00f1os de parroquializaci\u00f3n con m\u00faltiples actividades en las que estuvieron presentes representantes de instituciones como Ministerio del Ambiente \u2013 Proyecto PACC; Prefectura del Azuay; Gobierno Aut\u00f3nomo Descentralizado Municipal del Sigsig; Asociaci\u00f3n de Gobiernos Parroquiales del Azuay; Ministerio de Agricultura, Ganader\u00eda, Acuacultura y Pesca Zona 6; y Ministerio de Salud Zona 6.<\/p>\n<p style=\"text-align: justify;\">El Ministerio del Ambiente del Ecuador (MAE), por medio de la Subsecretar\u00eda de Cambio Clim\u00e1tico y su Proyecto de Adaptaci\u00f3n al Cambio Clim\u00e1tico, a trav\u00e9s de una efectiva gobernabilidad del agua en el Ecuador (PACC), apoya actualmente 20 iniciativas comunitarias de adaptaci\u00f3n al cambio clim\u00e1tico desde el a\u00f1o 2010 a nivel de las cuencas vulnerables en todo el pa\u00eds.<\/p>\n<p style=\"text-align: justify;\">La gesti\u00f3n conjunta en beneficio de las comunidades en situaci\u00f3n vulnerable ante los fen\u00f3menos clim\u00e1ticos, permiti\u00f3 fortalecer el lazo entre las instituciones, lo que ha llevado al PACC a ser part\u00edcipe de los eventos locales como un miembro m\u00e1s de la comunidad.<\/p>\n<p style=\"text-align: justify;\">El MAE, a trav\u00e9s del Proyecto PACC, contribuye activamente en el apoyo a comunidad de San Bartolom\u00e9 de Arushapa, para mejorar el uso de los sistemas h\u00eddricos de la zona maderera, con el objetivo de favorecer sus condiciones de adaptaci\u00f3n al cambio clim\u00e1tico.<\/p>\n<p style=\"text-align: justify;\">En la provincia del Azuay, el Gobierno Parroquial de San Bartolom\u00e9 implement\u00f3, a trav\u00e9s del proyecto, sus propuestas: \u201cAprovechamiento eficiente del agua de riego y mejoramiento de los procesos en cultivos agr\u00edcolas de doce comunidades de la parroquia San Bartolom\u00e9, cant\u00f3n S\u00edgsig, Provincia del Azuay\u201d y \u201cAprovechamiento eficiente del agua de riego y mejoramiento de la producci\u00f3n agropecuaria mediante la construcci\u00f3n de los sistemas de redes de distribuci\u00f3n y riego parcelario en las comunidades de San Bartolom\u00e9 Centro, Guan\u00f1a Central, Tunzh\u00fan, I\u00f1azari, Tagu\u00e1n, y Chin\u00edn de la parroquia San Bartolom\u00e9, cant\u00f3n S\u00edgsig, provincia del Azuay\u201d, entre otras.<\/p>\n<p style=\"text-align: justify;\">En sus intervenciones, las autoridades de la parroquia agradecieron al MAE por el apoyo brindado durante los cuatro a\u00f1os de ejecuci\u00f3n de los proyectos que han beneficiado ampliamente a San Bartolom\u00e9.<\/p>\n<p style=\"text-align: justify;\">Resultados:<\/p>\n<p style=\"text-align: justify;\">\u2022 244 familias se benefician directamente del Proyecto PACC.<\/p>\n<p style=\"text-align: justify;\">\u2022 Se construyeron 7 reservorios en las comunidades San Bartolom\u00e9 Centro, Tag\u00faan, Tunzh\u00fan I\u00f1azari y Guan\u00f1a Central.<\/p>\n<p style=\"text-align: justify;\">\u2022 11 106,60 metros de redes de distribuci\u00f3n primaria y secundaria para agua de riego.<\/p>\n<p style=\"text-align: justify;\">\u2022 140 sistemas de riego tecnificados.<\/p>\n<p style=\"text-align: justify;\">\u2022 18 hect\u00e1reas forestadas y reforestadas.<\/p>\n<p style=\"text-align: justify;\">\u2022 18 fuentes de agua protegidas.<\/p>\n<p style=\"text-align: justify;\">\u2022 Capacitaciones en agroecolog\u00eda, riego y cambio clim\u00e1tico.<\/p>\n<p style=\"text-align: justify;\">\n","protected":false},"excerpt":{"rendered":"<p class=\"excerpt\">La parroquia San Bartolom\u00e9 de Arushapa de la provincia de Azuay, celebr\u00f3 sus 440 a\u00f1os de parroquializaci\u00f3n con m\u00faltiples actividades en las que estuvieron presentes representantes de instituciones como Ministerio del Ambiente \u2013 Proyecto PACC; Prefectura del Azuay; Gobierno Aut\u00f3nomo Descentralizado Municipal del Sigsig; Asociaci\u00f3n de Gobiernos Parroquiales del Azuay; Ministerio de Agricultura, Ganader\u00eda, Acuacultura y Pesca Zona 6; y&hellip; <a href=\"https:\/\/www.ambienteyenergia.gob.ec\/ambiente\/en-azuay-mae-participo-en-la-celebracion-del-440-aniversario-de-parroquializacion-de-san-bartolome\/\">Read more &rarr;<\/a><\/p>\n","protected":false},"author":13,"featured_media":19700,"comment_status":"open","ping_status":"open","sticky":false,"template":"","format":"standard","meta":{"footnotes":""},"categories":[4],"tags":[212,387],"class_list":["post-19699","post","type-post","status-publish","format-standard","has-post-thumbnail","hentry","category-noticias","tag-azuay","tag-mae-lorena-tapia","xfolkentry"],"_links":{"self":[{"href":"https:\/\/www.ambienteyenergia.gob.ec\/ambiente\/wp-json\/wp\/v2\/posts\/19699","targetHints":{"allow":["GET"]}}],"collection":[{"href":"https:\/\/www.ambienteyenergia.gob.ec\/ambiente\/wp-json\/wp\/v2\/posts"}],"about":[{"href":"https:\/\/www.ambienteyenergia.gob.ec\/ambiente\/wp-json\/wp\/v2\/types\/post"}],"author":[{"embeddable":true,"href":"https:\/\/www.ambienteyenergia.gob.ec\/ambiente\/wp-json\/wp\/v2\/users\/13"}],"replies":[{"embeddable":true,"href":"https:\/\/www.ambienteyenergia.gob.ec\/ambiente\/wp-json\/wp\/v2\/comments?post=19699"}],"version-history":[{"count":0,"href":"https:\/\/www.ambienteyenergia.gob.ec\/ambiente\/wp-json\/wp\/v2\/posts\/19699\/revisions"}],"wp:featuredmedia":[{"embeddable":true,"href":"https:\/\/www.ambienteyenergia.gob.ec\/ambiente\/wp-json\/wp\/v2\/media\/19700"}],"wp:attachment":[{"href":"https:\/\/www.ambienteyenergia.gob.ec\/ambiente\/wp-json\/wp\/v2\/media?parent=19699"}],"wp:term":[{"taxonomy":"category","embeddable":true,"href":"https:\/\/www.ambienteyenergia.gob.ec\/ambiente\/wp-json\/wp\/v2\/categories?post=19699"},{"taxonomy":"post_tag","embeddable":true,"href":"https:\/\/www.ambienteyenergia.gob.ec\/ambiente\/wp-json\/wp\/v2\/tags?post=19699"}],"curies":[{"name":"wp","href":"https:\/\/api.w.org\/{rel}","templated":true}]}}