{"id":19692,"date":"2014-04-30T12:12:08","date_gmt":"2014-04-30T17:12:08","guid":{"rendered":"http:\/\/www.ambiente.gob.ec\/?p=19692"},"modified":"2014-04-30T12:12:08","modified_gmt":"2014-04-30T17:12:08","slug":"delegados-del-ecu-911-visitan-centro-de-monitoreo-de-la-dpng","status":"publish","type":"post","link":"https:\/\/www.ambienteyenergia.gob.ec\/ambiente\/delegados-del-ecu-911-visitan-centro-de-monitoreo-de-la-dpng\/","title":{"rendered":"Delegados del ECU 911 visitan Centro de Monitoreo de la DPNG"},"content":{"rendered":"<p style=\"text-align: justify;\">El Contralmirante Fernando Zurita, asesor de la Direcci\u00f3n General del Sistema Integrado de Seguridad ECU 911, en compa\u00f1\u00eda de dos t\u00e9cnicos en telecomunicaciones, se reuni\u00f3 con el Director del Parque Nacional Gal\u00e1pagos, Arturo Izurieta, en las oficinas operativas en Santa Cruz, para socializar el proyecto de construcci\u00f3n del ECU 911, que ser\u00e1 implementado en la capital del archipi\u00e9lago.<\/p>\n<p style=\"text-align: justify;\">Zurita manifest\u00f3 que uno de los objetivos de la visita, fue la b\u00fasqueda de la coordinaci\u00f3n interinstitucional entre los diferentes organismos del Estado, a fin de mejorar la seguridad integral en todos los sectores de la patria.<\/p>\n<p style=\"text-align: justify;\">Por su parte, Izurieta mostr\u00f3 a la comitiva de seguridad los diferentes sistemas que utiliza el Ministerio del Ambiente, para el control de las actividades mar\u00edtimas dentro de la Reserva Marina de Gal\u00e1pagos, con el prop\u00f3sito de integrarlo al proyecto de seguridad ciudadana en las islas que impulsa el ECU 911. \u201cEn una visita realizada al ECU 911 en Quito se pudo constatar la operatividad del sistema y tambi\u00e9n las posibles aplicaciones pr\u00e1cticas que el ECU 911 puede tener para las actividades de control y manejo que realizan la Direcci\u00f3n del Parque Nacional Gal\u00e1pagos (DPNG) y la Agencia de Regulaci\u00f3n y Control de la Bioseguridad y Cuarentena para Gal\u00e1pagos (ABG)\u201d, asegur\u00f3.<\/p>\n<p style=\"text-align: justify;\">Finalmente, el Contralmirante Zurita afirm\u00f3 que Gal\u00e1pagos por tener una importante actividad mar\u00edtima es una prioridad. \u00abDebemos cubrir la movilizaci\u00f3n de residentes y turistas entre las islas, as\u00ed como las diferentes actividades de pesca que se realizan\u201d, se\u00f1al\u00f3.<\/p>\n<p style=\"text-align: justify;\">Las gestiones para la operatividad del ECU 911 en Gal\u00e1pagos se encuentran en etapa de preparaci\u00f3n, por lo que se espera que para los pr\u00f3ximos meses la provincia cuente con este sistema integrado.<\/p>\n","protected":false},"excerpt":{"rendered":"<p class=\"excerpt\">El Contralmirante Fernando Zurita, asesor de la Direcci\u00f3n General del Sistema Integrado de Seguridad ECU 911, en compa\u00f1\u00eda de dos t\u00e9cnicos en telecomunicaciones, se reuni\u00f3 con el Director del Parque Nacional Gal\u00e1pagos, Arturo Izurieta, en las oficinas operativas en Santa Cruz, para socializar el proyecto de construcci\u00f3n del ECU 911, que ser\u00e1 implementado en la capital del archipi\u00e9lago. Zurita manifest\u00f3&hellip; <a href=\"https:\/\/www.ambienteyenergia.gob.ec\/ambiente\/delegados-del-ecu-911-visitan-centro-de-monitoreo-de-la-dpng\/\">Read more &rarr;<\/a><\/p>\n","protected":false},"author":13,"featured_media":19694,"comment_status":"open","ping_status":"open","sticky":false,"template":"","format":"standard","meta":{"footnotes":""},"categories":[16,4],"tags":[],"class_list":["post-19692","post","type-post","status-publish","format-standard","has-post-thumbnail","hentry","category-comunicamos","category-noticias","xfolkentry"],"_links":{"self":[{"href":"https:\/\/www.ambienteyenergia.gob.ec\/ambiente\/wp-json\/wp\/v2\/posts\/19692","targetHints":{"allow":["GET"]}}],"collection":[{"href":"https:\/\/www.ambienteyenergia.gob.ec\/ambiente\/wp-json\/wp\/v2\/posts"}],"about":[{"href":"https:\/\/www.ambienteyenergia.gob.ec\/ambiente\/wp-json\/wp\/v2\/types\/post"}],"author":[{"embeddable":true,"href":"https:\/\/www.ambienteyenergia.gob.ec\/ambiente\/wp-json\/wp\/v2\/users\/13"}],"replies":[{"embeddable":true,"href":"https:\/\/www.ambienteyenergia.gob.ec\/ambiente\/wp-json\/wp\/v2\/comments?post=19692"}],"version-history":[{"count":0,"href":"https:\/\/www.ambienteyenergia.gob.ec\/ambiente\/wp-json\/wp\/v2\/posts\/19692\/revisions"}],"wp:featuredmedia":[{"embeddable":true,"href":"https:\/\/www.ambienteyenergia.gob.ec\/ambiente\/wp-json\/wp\/v2\/media\/19694"}],"wp:attachment":[{"href":"https:\/\/www.ambienteyenergia.gob.ec\/ambiente\/wp-json\/wp\/v2\/media?parent=19692"}],"wp:term":[{"taxonomy":"category","embeddable":true,"href":"https:\/\/www.ambienteyenergia.gob.ec\/ambiente\/wp-json\/wp\/v2\/categories?post=19692"},{"taxonomy":"post_tag","embeddable":true,"href":"https:\/\/www.ambienteyenergia.gob.ec\/ambiente\/wp-json\/wp\/v2\/tags?post=19692"}],"curies":[{"name":"wp","href":"https:\/\/api.w.org\/{rel}","templated":true}]}}