{"id":19689,"date":"2014-04-30T12:08:25","date_gmt":"2014-04-30T17:08:25","guid":{"rendered":"http:\/\/www.ambiente.gob.ec\/?p=19689"},"modified":"2014-04-30T12:08:25","modified_gmt":"2014-04-30T17:08:25","slug":"camal-de-faenamiento-clandestino-fue-cerrado-en-pilahuin-tungurahua","status":"publish","type":"post","link":"https:\/\/www.ambienteyenergia.gob.ec\/ambiente\/camal-de-faenamiento-clandestino-fue-cerrado-en-pilahuin-tungurahua\/","title":{"rendered":"Camal de faenamiento clandestino fue cerrado en Pilahuin Tungurahua"},"content":{"rendered":"<p style=\"text-align: justify;\">T\u00e9cnicos del Ministerio del Ambiente de Ecuador (MAE), a trav\u00e9s de la Direcci\u00f3n Provincial de Tungurahua, y en coordinaci\u00f3n con funcionarios de la Unidad de Polic\u00eda del Medio Ambiente (UPMA), Agrocalidad y del GAD Provincial de Tungurahua, realiz\u00f3 una inspecci\u00f3n a un camal \u00a0ubicado en la parroquia rural de Pilahuin, en el sector Pucutahua del cant\u00f3n Ambato el cual \u00a0operaba sin ning\u00fan permiso habilitante para ejecutar el faenamiento de ganado.<\/p>\n<p style=\"text-align: justify;\">La comisi\u00f3n T\u00e9cnica \u00a0procedi\u00f3 a verificar las instalaciones constatando que no exist\u00eda equipamiento adecuado, infraestructura de tratamiento de aguas, manejo de los desechos s\u00f3lidos, insalubridad y contaminaci\u00f3n ambiental.<\/p>\n<p style=\"text-align: justify;\">En el lugar de faenamiento se evidenci\u00f3 el grave impacto que causa, adem\u00e1s, se ratific\u00f3 el incumplimiento a la Normativa Ambiental, por lo que conjuntamente con Agrocalidad se procedi\u00f3 a la clausura del centro clandestino para garantizar la salud de la poblaci\u00f3n y evitar que se siga contaminando el ambiente.<\/p>\n<p style=\"text-align: justify;\">Por su parte, el MAE como principal autoridad ambiental iniciar\u00e1 el proceso administrativo pertinente contra los responsables.<\/p>\n","protected":false},"excerpt":{"rendered":"<p class=\"excerpt\">T\u00e9cnicos del Ministerio del Ambiente de Ecuador (MAE), a trav\u00e9s de la Direcci\u00f3n Provincial de Tungurahua, y en coordinaci\u00f3n con funcionarios de la Unidad de Polic\u00eda del Medio Ambiente (UPMA), Agrocalidad y del GAD Provincial de Tungurahua, realiz\u00f3 una inspecci\u00f3n a un camal \u00a0ubicado en la parroquia rural de Pilahuin, en el sector Pucutahua del cant\u00f3n Ambato el cual \u00a0operaba&hellip; <a href=\"https:\/\/www.ambienteyenergia.gob.ec\/ambiente\/camal-de-faenamiento-clandestino-fue-cerrado-en-pilahuin-tungurahua\/\">Read more &rarr;<\/a><\/p>\n","protected":false},"author":13,"featured_media":19690,"comment_status":"open","ping_status":"open","sticky":false,"template":"","format":"standard","meta":{"footnotes":""},"categories":[16,4],"tags":[],"class_list":["post-19689","post","type-post","status-publish","format-standard","has-post-thumbnail","hentry","category-comunicamos","category-noticias","xfolkentry"],"_links":{"self":[{"href":"https:\/\/www.ambienteyenergia.gob.ec\/ambiente\/wp-json\/wp\/v2\/posts\/19689","targetHints":{"allow":["GET"]}}],"collection":[{"href":"https:\/\/www.ambienteyenergia.gob.ec\/ambiente\/wp-json\/wp\/v2\/posts"}],"about":[{"href":"https:\/\/www.ambienteyenergia.gob.ec\/ambiente\/wp-json\/wp\/v2\/types\/post"}],"author":[{"embeddable":true,"href":"https:\/\/www.ambienteyenergia.gob.ec\/ambiente\/wp-json\/wp\/v2\/users\/13"}],"replies":[{"embeddable":true,"href":"https:\/\/www.ambienteyenergia.gob.ec\/ambiente\/wp-json\/wp\/v2\/comments?post=19689"}],"version-history":[{"count":0,"href":"https:\/\/www.ambienteyenergia.gob.ec\/ambiente\/wp-json\/wp\/v2\/posts\/19689\/revisions"}],"wp:featuredmedia":[{"embeddable":true,"href":"https:\/\/www.ambienteyenergia.gob.ec\/ambiente\/wp-json\/wp\/v2\/media\/19690"}],"wp:attachment":[{"href":"https:\/\/www.ambienteyenergia.gob.ec\/ambiente\/wp-json\/wp\/v2\/media?parent=19689"}],"wp:term":[{"taxonomy":"category","embeddable":true,"href":"https:\/\/www.ambienteyenergia.gob.ec\/ambiente\/wp-json\/wp\/v2\/categories?post=19689"},{"taxonomy":"post_tag","embeddable":true,"href":"https:\/\/www.ambienteyenergia.gob.ec\/ambiente\/wp-json\/wp\/v2\/tags?post=19689"}],"curies":[{"name":"wp","href":"https:\/\/api.w.org\/{rel}","templated":true}]}}