{"id":19682,"date":"2014-04-30T10:29:40","date_gmt":"2014-04-30T15:29:40","guid":{"rendered":"http:\/\/www.ambiente.gob.ec\/?p=19682"},"modified":"2014-04-30T10:29:40","modified_gmt":"2014-04-30T15:29:40","slug":"mae-y-la-asociacion-de-scouts-plantaron-1500-arboles-en-los-chilcos-imbabura-2","status":"publish","type":"post","link":"https:\/\/www.ambienteyenergia.gob.ec\/ambiente\/mae-y-la-asociacion-de-scouts-plantaron-1500-arboles-en-los-chilcos-imbabura-2\/","title":{"rendered":"MAE y la Asociaci\u00f3n de Scouts plantaron 1500 \u00e1rboles en los Chilcos (Imbabura)"},"content":{"rendered":"<p style=\"text-align: justify;\">El Ministerio del Ambiente (MAE), a trav\u00e9s de la Direcci\u00f3n Provincial del Ambiente de Imbabura en coordinaci\u00f3n con la Asociaci\u00f3n de Scouts de la provincia y, junto a los J\u00f3venes del Servicio Civil Ciudadano, el Cuerpo de Bomberos de Ibarra, estudiantes de la\u00a0 Unidad Educativa Teresa Abad y padres de familia participaron de la campa\u00f1a \u201cSembrando Futuro\u201d.<\/p>\n<p style=\"text-align: justify;\">\nEn el evento de reforestaci\u00f3n, realizado en la comunidad de Chilcos, de la Junta Parroquial de Angochagua del cant\u00f3n Ibarra, participaron alrededor de 150 personas entre\u00a0 hombres, mujeres, ni\u00f1os y ni\u00f1as, quienes plantaron alrededor de 1500 plantas.<\/p>\n<p style=\"text-align: justify;\">\nMovimiento de j\u00f3venes y adultos comprometidos de forma libre y voluntaria, que buscan colaborar en la construcci\u00f3n de un mundo mejor, contribuyeron activamente en esta jornada de restauraci\u00f3n forestal que logr\u00f3 reforestar un total de tres hect\u00e1reas.<\/p>\n","protected":false},"excerpt":{"rendered":"<p class=\"excerpt\">El Ministerio del Ambiente (MAE), a trav\u00e9s de la Direcci\u00f3n Provincial del Ambiente de Imbabura en coordinaci\u00f3n con la Asociaci\u00f3n de Scouts de la provincia y, junto a los J\u00f3venes del Servicio Civil Ciudadano, el Cuerpo de Bomberos de Ibarra, estudiantes de la\u00a0 Unidad Educativa Teresa Abad y padres de familia participaron de la campa\u00f1a \u201cSembrando Futuro\u201d. En el evento&hellip; <a href=\"https:\/\/www.ambienteyenergia.gob.ec\/ambiente\/mae-y-la-asociacion-de-scouts-plantaron-1500-arboles-en-los-chilcos-imbabura-2\/\">Read more &rarr;<\/a><\/p>\n","protected":false},"author":13,"featured_media":19683,"comment_status":"open","ping_status":"open","sticky":false,"template":"","format":"standard","meta":{"footnotes":""},"categories":[16,4],"tags":[],"class_list":["post-19682","post","type-post","status-publish","format-standard","has-post-thumbnail","hentry","category-comunicamos","category-noticias","xfolkentry"],"_links":{"self":[{"href":"https:\/\/www.ambienteyenergia.gob.ec\/ambiente\/wp-json\/wp\/v2\/posts\/19682","targetHints":{"allow":["GET"]}}],"collection":[{"href":"https:\/\/www.ambienteyenergia.gob.ec\/ambiente\/wp-json\/wp\/v2\/posts"}],"about":[{"href":"https:\/\/www.ambienteyenergia.gob.ec\/ambiente\/wp-json\/wp\/v2\/types\/post"}],"author":[{"embeddable":true,"href":"https:\/\/www.ambienteyenergia.gob.ec\/ambiente\/wp-json\/wp\/v2\/users\/13"}],"replies":[{"embeddable":true,"href":"https:\/\/www.ambienteyenergia.gob.ec\/ambiente\/wp-json\/wp\/v2\/comments?post=19682"}],"version-history":[{"count":0,"href":"https:\/\/www.ambienteyenergia.gob.ec\/ambiente\/wp-json\/wp\/v2\/posts\/19682\/revisions"}],"wp:featuredmedia":[{"embeddable":true,"href":"https:\/\/www.ambienteyenergia.gob.ec\/ambiente\/wp-json\/wp\/v2\/media\/19683"}],"wp:attachment":[{"href":"https:\/\/www.ambienteyenergia.gob.ec\/ambiente\/wp-json\/wp\/v2\/media?parent=19682"}],"wp:term":[{"taxonomy":"category","embeddable":true,"href":"https:\/\/www.ambienteyenergia.gob.ec\/ambiente\/wp-json\/wp\/v2\/categories?post=19682"},{"taxonomy":"post_tag","embeddable":true,"href":"https:\/\/www.ambienteyenergia.gob.ec\/ambiente\/wp-json\/wp\/v2\/tags?post=19682"}],"curies":[{"name":"wp","href":"https:\/\/api.w.org\/{rel}","templated":true}]}}