{"id":19679,"date":"2014-04-30T10:24:28","date_gmt":"2014-04-30T15:24:28","guid":{"rendered":"http:\/\/www.ambiente.gob.ec\/?p=19679"},"modified":"2014-04-30T11:43:35","modified_gmt":"2014-04-30T16:43:35","slug":"mae-foresto-seis-hectareas-de-suelo-erosionado-por-dia-internacional-de-la-madre-tierra-en-chimborazo","status":"publish","type":"post","link":"https:\/\/www.ambienteyenergia.gob.ec\/ambiente\/mae-foresto-seis-hectareas-de-suelo-erosionado-por-dia-internacional-de-la-madre-tierra-en-chimborazo\/","title":{"rendered":"MAE forest\u00f3 seis hect\u00e1reas de suelo erosionado por D\u00eda Internacional de la Madre Tierra en Chimborazo"},"content":{"rendered":"<p style=\"text-align: justify;\">En conmemoraci\u00f3n al D\u00eda Internacional de la Madre Tierra, el Ministerio del Ambiente (MAE), en coordinaci\u00f3n con los Scouts del Ecuador distrito Chimborazo, forestaron seis hect\u00e1reas de suelo erosionado en el sector de Guadalupe ubicado en la parroquia San Luis del cant\u00f3n Riobamba, actividad que se desarroll\u00f3 como parte de la campa\u00f1a de Reforestaci\u00f3n &#8216;Sembrando Futuro&#8217;.<\/p>\n<p style=\"text-align: justify;\">En la jornada ambiental participaron alrededor de 420 personas, sembrando 3 000 plantas de especies forestales nativas como aliso, arrayan, guarango y quishuar en zonas\u00a0 desertificadas. Bajo la coordinaci\u00f3n del personal t\u00e9cnico del MAE y con el apoyo de los j\u00f3venes del proyecto Servicio Civil Ciudadano y estudiantes de la Escuela de Ecoturismo de la Escuela Superior Polit\u00e9cnica de Chimborazo (ESPOCH).<\/p>\n<p style=\"text-align: justify;\">Para evitar incidentes durante el desarrollo del evento, la Direcci\u00f3n Provincial del Ambiente de Chimborazo planific\u00f3 acciones con el ECU-911. Adem\u00e1s, el MAE instal\u00f3 puntos de hidrataci\u00f3n para los ciudadanos que participaron en la actividad de reforestaci\u00f3n.<\/p>\n<p style=\"text-align: justify;\">Asimismo, en la explanada del sector de Guadalupe se ubicaron stands, con la finalidad de exponer el trabajo del MAE en la provincia, este espacio fue aprovechado para ense\u00f1ar la importancia de proteger la biodiversidad en la tierra.<\/p>\n<p style=\"text-align: justify;\">Holger Casig\u00f1a, representante de los Scouts Ecuador en Chimborazo, agradeci\u00f3 el apoyo del MAE en\u00a0 la provincia y entreg\u00f3 un reconocimiento por cuidar y mantener un ambiente sano y promover el cumplimiento de los derechos de la naturaleza o pacha mama.<\/p>\n<p style=\"text-align: justify;\">Representantes de las autoridades de la Gobernaci\u00f3n y del GAD Provincial de Chimborazo felicitaron la iniciativa de vinculaci\u00f3n con la colectividad y exaltaron el trabajo del MAE con los diferentes sectores sociales. Al finalizar efectuaron la plantaci\u00f3n simb\u00f3lica y comprometieron a todos los ciudadanos a continuar trabajando por la protecci\u00f3n y conservaci\u00f3n de los recursos naturales del pa\u00eds.<\/p>\n","protected":false},"excerpt":{"rendered":"<p class=\"excerpt\">En conmemoraci\u00f3n al D\u00eda Internacional de la Madre Tierra, el Ministerio del Ambiente (MAE), en coordinaci\u00f3n con los Scouts del Ecuador distrito Chimborazo, forestaron seis hect\u00e1reas de suelo erosionado en el sector de Guadalupe ubicado en la parroquia San Luis del cant\u00f3n Riobamba, actividad que se desarroll\u00f3 como parte de la campa\u00f1a de Reforestaci\u00f3n &#8216;Sembrando Futuro&#8217;. En la jornada ambiental&hellip; <a href=\"https:\/\/www.ambienteyenergia.gob.ec\/ambiente\/mae-foresto-seis-hectareas-de-suelo-erosionado-por-dia-internacional-de-la-madre-tierra-en-chimborazo\/\">Read more &rarr;<\/a><\/p>\n","protected":false},"author":13,"featured_media":19680,"comment_status":"open","ping_status":"open","sticky":false,"template":"","format":"standard","meta":{"footnotes":""},"categories":[16,4],"tags":[],"class_list":["post-19679","post","type-post","status-publish","format-standard","has-post-thumbnail","hentry","category-comunicamos","category-noticias","xfolkentry"],"_links":{"self":[{"href":"https:\/\/www.ambienteyenergia.gob.ec\/ambiente\/wp-json\/wp\/v2\/posts\/19679","targetHints":{"allow":["GET"]}}],"collection":[{"href":"https:\/\/www.ambienteyenergia.gob.ec\/ambiente\/wp-json\/wp\/v2\/posts"}],"about":[{"href":"https:\/\/www.ambienteyenergia.gob.ec\/ambiente\/wp-json\/wp\/v2\/types\/post"}],"author":[{"embeddable":true,"href":"https:\/\/www.ambienteyenergia.gob.ec\/ambiente\/wp-json\/wp\/v2\/users\/13"}],"replies":[{"embeddable":true,"href":"https:\/\/www.ambienteyenergia.gob.ec\/ambiente\/wp-json\/wp\/v2\/comments?post=19679"}],"version-history":[{"count":0,"href":"https:\/\/www.ambienteyenergia.gob.ec\/ambiente\/wp-json\/wp\/v2\/posts\/19679\/revisions"}],"wp:featuredmedia":[{"embeddable":true,"href":"https:\/\/www.ambienteyenergia.gob.ec\/ambiente\/wp-json\/wp\/v2\/media\/19680"}],"wp:attachment":[{"href":"https:\/\/www.ambienteyenergia.gob.ec\/ambiente\/wp-json\/wp\/v2\/media?parent=19679"}],"wp:term":[{"taxonomy":"category","embeddable":true,"href":"https:\/\/www.ambienteyenergia.gob.ec\/ambiente\/wp-json\/wp\/v2\/categories?post=19679"},{"taxonomy":"post_tag","embeddable":true,"href":"https:\/\/www.ambienteyenergia.gob.ec\/ambiente\/wp-json\/wp\/v2\/tags?post=19679"}],"curies":[{"name":"wp","href":"https:\/\/api.w.org\/{rel}","templated":true}]}}