{"id":19675,"date":"2014-04-30T10:19:53","date_gmt":"2014-04-30T15:19:53","guid":{"rendered":"http:\/\/www.ambiente.gob.ec\/?p=19675"},"modified":"2014-04-30T10:19:53","modified_gmt":"2014-04-30T15:19:53","slug":"mae-y-magap-lideran-proyecto-para-la-promocion-del-manejo-de-ganaderia-sostenible","status":"publish","type":"post","link":"https:\/\/www.ambienteyenergia.gob.ec\/ambiente\/mae-y-magap-lideran-proyecto-para-la-promocion-del-manejo-de-ganaderia-sostenible\/","title":{"rendered":"MAE y MAGAP lideran proyecto para la promoci\u00f3n del manejo de ganader\u00eda sostenible"},"content":{"rendered":"<p style=\"text-align: justify;\">El proyecto para la promoci\u00f3n del manejo de ganader\u00eda sostenible, integrando la reversi\u00f3n de degradaci\u00f3n de tierras y reducci\u00f3n del riesgo de desertificaci\u00f3n en provincias vulnerables, busca reducir la degradaci\u00f3n de suelos e incrementar la capacidad de adaptaci\u00f3n al cambio clim\u00e1tico y mitigaci\u00f3n de emisiones de Gases Efecto Invernadero (GEI), a trav\u00e9s de la implementaci\u00f3n de pol\u00edticas intersectoriales y t\u00e9cnicas de ganader\u00eda sostenible.<\/p>\n<p style=\"text-align: justify;\">La ejecuci\u00f3n de proyectos de agricultura y\/o ganader\u00eda clim\u00e1ticamente inteligentes son un aporte importante en la reducci\u00f3n de emisiones de CO2,\u00a0 para favorecer la gesti\u00f3n agr\u00edcola y ganadera, fomentar pr\u00e1cticas de gesti\u00f3n sostenible en suelo y agua aplicadas a nivel de campo, aumentar las inversiones en gesti\u00f3n sostenible de la tierra (GST), desarrollar el sistema de reservas de carbono, mejorar el manejo de tierras forestales y no forestales, integrar el manejo sostenible dentro del sector agr\u00edcola y ganadero as\u00ed como en los planes de ordenamiento territorial (PDOT).<\/p>\n<p style=\"text-align: justify;\">El Ministerio del Ambiente del Ecuador (MAE), a trav\u00e9s de la Subsecretar\u00eda de Cambio Clim\u00e1tico, liderar\u00e1 la incorporaci\u00f3n de conceptos y fortalecimiento de capacidades en adaptaci\u00f3n y mitigaci\u00f3n del cambio clim\u00e1tico en la ganader\u00eda a nivel nacional y en las \u00e1reas vulnerables seleccionadas.<\/p>\n<p style=\"text-align: justify;\">El proyecto ser\u00e1 implementado en las provincias de Imbabura, Napo, Pastaza, Santa Elena, Guayas, Manab\u00ed y Loja.<\/p>\n<p style=\"text-align: justify;\">La iniciativa ser\u00e1 financiada por el<b> <\/b>MAE, el Ministerio de Agricultura, Ganader\u00eda, Acuacultura y Pesca (MAGAP), Organizaci\u00f3n de las Naciones Unidas para la Agricultura y Alimentaci\u00f3n (FAO), Fondo Mundial para el Medio Ambiente (GEF) y el Programa de las Naciones Unidas para el Desarrollo (PNUD).<\/p>\n","protected":false},"excerpt":{"rendered":"<p class=\"excerpt\">El proyecto para la promoci\u00f3n del manejo de ganader\u00eda sostenible, integrando la reversi\u00f3n de degradaci\u00f3n de tierras y reducci\u00f3n del riesgo de desertificaci\u00f3n en provincias vulnerables, busca reducir la degradaci\u00f3n de suelos e incrementar la capacidad de adaptaci\u00f3n al cambio clim\u00e1tico y mitigaci\u00f3n de emisiones de Gases Efecto Invernadero (GEI), a trav\u00e9s de la implementaci\u00f3n de pol\u00edticas intersectoriales y t\u00e9cnicas&hellip; <a href=\"https:\/\/www.ambienteyenergia.gob.ec\/ambiente\/mae-y-magap-lideran-proyecto-para-la-promocion-del-manejo-de-ganaderia-sostenible\/\">Read more &rarr;<\/a><\/p>\n","protected":false},"author":13,"featured_media":19676,"comment_status":"open","ping_status":"open","sticky":false,"template":"","format":"standard","meta":{"footnotes":""},"categories":[16,4],"tags":[],"class_list":["post-19675","post","type-post","status-publish","format-standard","has-post-thumbnail","hentry","category-comunicamos","category-noticias","xfolkentry"],"_links":{"self":[{"href":"https:\/\/www.ambienteyenergia.gob.ec\/ambiente\/wp-json\/wp\/v2\/posts\/19675","targetHints":{"allow":["GET"]}}],"collection":[{"href":"https:\/\/www.ambienteyenergia.gob.ec\/ambiente\/wp-json\/wp\/v2\/posts"}],"about":[{"href":"https:\/\/www.ambienteyenergia.gob.ec\/ambiente\/wp-json\/wp\/v2\/types\/post"}],"author":[{"embeddable":true,"href":"https:\/\/www.ambienteyenergia.gob.ec\/ambiente\/wp-json\/wp\/v2\/users\/13"}],"replies":[{"embeddable":true,"href":"https:\/\/www.ambienteyenergia.gob.ec\/ambiente\/wp-json\/wp\/v2\/comments?post=19675"}],"version-history":[{"count":0,"href":"https:\/\/www.ambienteyenergia.gob.ec\/ambiente\/wp-json\/wp\/v2\/posts\/19675\/revisions"}],"wp:featuredmedia":[{"embeddable":true,"href":"https:\/\/www.ambienteyenergia.gob.ec\/ambiente\/wp-json\/wp\/v2\/media\/19676"}],"wp:attachment":[{"href":"https:\/\/www.ambienteyenergia.gob.ec\/ambiente\/wp-json\/wp\/v2\/media?parent=19675"}],"wp:term":[{"taxonomy":"category","embeddable":true,"href":"https:\/\/www.ambienteyenergia.gob.ec\/ambiente\/wp-json\/wp\/v2\/categories?post=19675"},{"taxonomy":"post_tag","embeddable":true,"href":"https:\/\/www.ambienteyenergia.gob.ec\/ambiente\/wp-json\/wp\/v2\/tags?post=19675"}],"curies":[{"name":"wp","href":"https:\/\/api.w.org\/{rel}","templated":true}]}}