{"id":19672,"date":"2014-04-29T13:32:16","date_gmt":"2014-04-29T18:32:16","guid":{"rendered":"http:\/\/www.ambiente.gob.ec\/?p=19672"},"modified":"2014-04-29T13:41:01","modified_gmt":"2014-04-29T18:41:01","slug":"ministerio-del-ambiente-apoya-el-mancomunamiento-en-gestion-integral-de-residuos-solidos","status":"publish","type":"post","link":"https:\/\/www.ambienteyenergia.gob.ec\/ambiente\/ministerio-del-ambiente-apoya-el-mancomunamiento-en-gestion-integral-de-residuos-solidos\/","title":{"rendered":"Ministerio del Ambiente apoya el mancomunamiento en Gesti\u00f3n Integral de Residuos S\u00f3lidos"},"content":{"rendered":"<p style=\"text-align: justify;\">Riobamba, abril de 2014.- La presentaci\u00f3n del modelo de gesti\u00f3n integral de residuos s\u00f3lidos es el producto final que el Ministerio del Ambiente (MAE) a trav\u00e9s del Programa Nacional para la Gesti\u00f3n Integral de Desechos S\u00f3lidos PNGIDS, presenta a la Mancomunidad de Alaus\u00ed, Colta y Guamote, provincia del Chimborazo. Este modelo mancomunado permitir\u00e1 el fortalecimiento de los municipios involucrados, una mayor calidad y eficiencia en la prestaci\u00f3n de servicios de aseo, la optimizaci\u00f3n de recursos entre ellos los beneficios econ\u00f3micos y financieros, el acceso a cr\u00e9ditos para la implementaci\u00f3n del modelo de gesti\u00f3n propuesto, entre otros.<\/p>\n<p style=\"text-align: justify;\">El MAE financi\u00f3 con 94 500 d\u00f3lares los estudios para la implementaci\u00f3n de un plan integral en el manejo de los desechos s\u00f3lidos, que tendr\u00e1 un per\u00edodo de duraci\u00f3n de 20 a\u00f1os y beneficiar\u00e1 a\u00a038 000 habitantes de los cantones de Alaus\u00ed, Colta y Guamote. Los estudios comprendieron tres fases: diagnostico y factibilidad, legalizaci\u00f3n ambiental para el cierre de los botaderos a cielo abierto y la creaci\u00f3n de los dise\u00f1os definitivos.<\/p>\n<p style=\"text-align: justify;\">El modelo de gesti\u00f3n propone una administraci\u00f3n mancomunada, que bajo principios t\u00e9cnicos impulsa un manejo operativo eficiente en todas las fases de la gesti\u00f3n, desde la generaci\u00f3n, manejo y separaci\u00f3n, aprovechamiento, hasta llegar a la disposici\u00f3n final. Paula Guerra, Gerenta del PNGIDS, menciona que \u00abel mancomunamiento permite principalmente la reducci\u00f3n de los costos en la gesti\u00f3n de residuos, con modelos adaptados a las necesidades de la provincia\u00bb.<\/p>\n<p style=\"text-align: justify;\">La poblaci\u00f3n de los cantones recibir\u00e1 los beneficios de la implementaci\u00f3n del modelo mancomunado que previene y minimiza los impactos en la gesti\u00f3n tanto ambientales como a la salud p\u00fablica; promueve la construcci\u00f3n de una cultura de concienciaci\u00f3n ciudadana en manejo de residuos (minimizaci\u00f3n, reuso, clasificaci\u00f3n, transformaci\u00f3n y reciclaje); manejo de toda clase de residuos (papel y cart\u00f3n 18,64%, vidrio 2,10%, pl\u00e1sticos 20,12%, org\u00e1nicos 58,22%, otros 0,92%); adem\u00e1s del incremento de la cobertura y mejoramiento de los servicios de aseo. Alaus\u00ed, Colta y Guamote generan 14,8 toneladas de residuos s\u00f3lidos al d\u00eda, con una producci\u00f3n promedio de 0,7 Kilogramos por persona.<\/p>\n<p style=\"text-align: justify;\">Magaly Oviedo, Directora Provincial del Ambiente Chimborazo, cita que es importante el trabajo en conjunto que se ha venido dando entre los Municipios, PNGIDS y su cuerpo t\u00e9cnico, porque se han obtenido los resultados esperados, el presentar estudios que pueden ser implementados, que cuentan con todos los requerimientos t\u00e9cnicos y ambientales. \u00abConocer la realidad de la provincia nos ha permitido contribuir al trabajo del PNGIDS y beneficiar a los ecuatorianos perteneciente a los cantones de Alaus\u00ed, Colta y Guamote, objetivo primordial para el Ministerio del Ambiente\u00bb.<\/p>\n","protected":false},"excerpt":{"rendered":"<p class=\"excerpt\">Riobamba, abril de 2014.- La presentaci\u00f3n del modelo de gesti\u00f3n integral de residuos s\u00f3lidos es el producto final que el Ministerio del Ambiente (MAE) a trav\u00e9s del Programa Nacional para la Gesti\u00f3n Integral de Desechos S\u00f3lidos PNGIDS, presenta a la Mancomunidad de Alaus\u00ed, Colta y Guamote, provincia del Chimborazo. Este modelo mancomunado permitir\u00e1 el fortalecimiento de los municipios involucrados, una&hellip; <a href=\"https:\/\/www.ambienteyenergia.gob.ec\/ambiente\/ministerio-del-ambiente-apoya-el-mancomunamiento-en-gestion-integral-de-residuos-solidos\/\">Read more &rarr;<\/a><\/p>\n","protected":false},"author":13,"featured_media":19673,"comment_status":"open","ping_status":"open","sticky":false,"template":"","format":"standard","meta":{"footnotes":""},"categories":[16,4],"tags":[53,387],"class_list":["post-19672","post","type-post","status-publish","format-standard","has-post-thumbnail","hentry","category-comunicamos","category-noticias","tag-mae","tag-mae-lorena-tapia","xfolkentry"],"_links":{"self":[{"href":"https:\/\/www.ambienteyenergia.gob.ec\/ambiente\/wp-json\/wp\/v2\/posts\/19672","targetHints":{"allow":["GET"]}}],"collection":[{"href":"https:\/\/www.ambienteyenergia.gob.ec\/ambiente\/wp-json\/wp\/v2\/posts"}],"about":[{"href":"https:\/\/www.ambienteyenergia.gob.ec\/ambiente\/wp-json\/wp\/v2\/types\/post"}],"author":[{"embeddable":true,"href":"https:\/\/www.ambienteyenergia.gob.ec\/ambiente\/wp-json\/wp\/v2\/users\/13"}],"replies":[{"embeddable":true,"href":"https:\/\/www.ambienteyenergia.gob.ec\/ambiente\/wp-json\/wp\/v2\/comments?post=19672"}],"version-history":[{"count":0,"href":"https:\/\/www.ambienteyenergia.gob.ec\/ambiente\/wp-json\/wp\/v2\/posts\/19672\/revisions"}],"wp:featuredmedia":[{"embeddable":true,"href":"https:\/\/www.ambienteyenergia.gob.ec\/ambiente\/wp-json\/wp\/v2\/media\/19673"}],"wp:attachment":[{"href":"https:\/\/www.ambienteyenergia.gob.ec\/ambiente\/wp-json\/wp\/v2\/media?parent=19672"}],"wp:term":[{"taxonomy":"category","embeddable":true,"href":"https:\/\/www.ambienteyenergia.gob.ec\/ambiente\/wp-json\/wp\/v2\/categories?post=19672"},{"taxonomy":"post_tag","embeddable":true,"href":"https:\/\/www.ambienteyenergia.gob.ec\/ambiente\/wp-json\/wp\/v2\/tags?post=19672"}],"curies":[{"name":"wp","href":"https:\/\/api.w.org\/{rel}","templated":true}]}}