{"id":19661,"date":"2014-04-29T12:02:20","date_gmt":"2014-04-29T17:02:20","guid":{"rendered":"http:\/\/www.ambiente.gob.ec\/?p=19661"},"modified":"2014-04-29T12:48:27","modified_gmt":"2014-04-29T17:48:27","slug":"mae-realiza-segundo-taller-de-estrategia-nacional-de-biodiversidad","status":"publish","type":"post","link":"https:\/\/www.ambienteyenergia.gob.ec\/ambiente\/mae-realiza-segundo-taller-de-estrategia-nacional-de-biodiversidad\/","title":{"rendered":"MAE realiza Segundo Taller de Estrategia Nacional de Biodiversidad"},"content":{"rendered":"<p style=\"text-align: justify;\">El Ministerio del Ambiente (MAE) realiza este 29 y 30 de abril, el segundo taller de su Estrategia Nacional de Biodiversidad (ENB), con el af\u00e1n de avanzar en la consolidaci\u00f3n del cuidado de la biodiversidad y el patrimonio gen\u00e9tico del pa\u00eds. Esta iniciativa promueve la implementaci\u00f3n de una pol\u00edtica multisectorial relacionada al cuidado de la biodiversidad y una planificaci\u00f3n integral que gestione de manera responsable los recursos naturales.<\/p>\n<p style=\"text-align: justify;\">En ese sentido, esta Cartera de Estado promueve desde este mes un ciclo de talleres en todo el pa\u00eds sobre dicha estrategia con el af\u00e1n de recoger aportes y sugerencias del sector privado y ciudadan\u00eda. Cabe se\u00f1alar, que la ENB y su Plan de Acci\u00f3n para el per\u00edodo 2014-2020, toma en cuenta tambi\u00e9n las obligaciones del pa\u00eds frente al Convenio sobre la Diversidad Biol\u00f3gica y las Metas de Aichi.<\/p>\n<p style=\"text-align: justify;\">La Estrategia Nacional de Biodiversidad est\u00e1 conformada por un comit\u00e9 directivo que lo integran adem\u00e1s de esta Cartera de Estado, la Secretar\u00eda Nacional de Planificaci\u00f3n y Desarrollo (SENPLADES), el Ministerio Coordinador de Sectores Estrat\u00e9gicos (MICSE), el Ministerio Coordinador de Conocimiento y Talento Humano (MCCTH) y el Ministerio de Finanzas.<\/p>\n<p style=\"text-align: justify;\">El Subsecretario de Patrimonio Natural, Christian Ter\u00e1n, explica que el Ecuador de manera hist\u00f3rica ha insertado a la biodiversidad en su pol\u00edtica p\u00fablica y sobretodo ha articulado su trabajo con otros entes estatales. \u00abHoy el cuidado del ambiente no est\u00e1 en papeles sino en acciones concretas que este Gobierno promueve de manera contundente para que nuestros ecosistemas y megadiversidad se mantengan\u00bb, expres\u00f3 el funcionario.<\/p>\n<p style=\"text-align: justify;\">El Gobierno de la Revoluci\u00f3n Ciudadana promueve un cambio de paradigma en la gesti\u00f3n y administraci\u00f3n de los recursos ambientales. Es as\u00ed, que el Ministerio del Ambiente como ente rector del sector mediante su pol\u00edtica de patrimonio gestiona una estrategia espec\u00edfica de conservaci\u00f3n de especies y biodiversidad.<\/p>\n<p style=\"text-align: justify;\">Asimismo, Ter\u00e1n enfatiz\u00f3 que \u00fanicamente en la administraci\u00f3n y preservaci\u00f3n de nuestras \u00e1reas protegidas en el 2012, el Gobierno Nacional invirti\u00f3 cerca de USD 21 millones, adem\u00e1s con el Programa Socio Bosque desde su creaci\u00f3n en el 2008 hasta el 2013 se han invertido cerca de USD 31 millones.<\/p>\n<p style=\"text-align: justify;\">\u00abHoy el Ministerio del Ambiente brinda respuestas r\u00e1pidas y contundentes a la ciudadan\u00eda respecto a sus recursos naturales. Somos un Gobierno hist\u00f3ricamente responsable y comprometido con su biodiversidad\u00bb, concluy\u00f3 Ter\u00e1n.<\/p>\n<p>&nbsp;<\/p>\n","protected":false},"excerpt":{"rendered":"<p class=\"excerpt\">El Ministerio del Ambiente (MAE) realiza este 29 y 30 de abril, el segundo taller de su Estrategia Nacional de Biodiversidad (ENB), con el af\u00e1n de avanzar en la consolidaci\u00f3n del cuidado de la biodiversidad y el patrimonio gen\u00e9tico del pa\u00eds. Esta iniciativa promueve la implementaci\u00f3n de una pol\u00edtica multisectorial relacionada al cuidado de la biodiversidad y una planificaci\u00f3n integral&hellip; <a href=\"https:\/\/www.ambienteyenergia.gob.ec\/ambiente\/mae-realiza-segundo-taller-de-estrategia-nacional-de-biodiversidad\/\">Read more &rarr;<\/a><\/p>\n","protected":false},"author":13,"featured_media":19667,"comment_status":"open","ping_status":"open","sticky":false,"template":"","format":"standard","meta":{"footnotes":""},"categories":[16,4],"tags":[403,108,53,54],"class_list":["post-19661","post","type-post","status-publish","format-standard","has-post-thumbnail","hentry","category-comunicamos","category-noticias","tag-biodiversidad","tag-lorena-tapia","tag-mae","tag-ministerio-del-ambiente","xfolkentry"],"_links":{"self":[{"href":"https:\/\/www.ambienteyenergia.gob.ec\/ambiente\/wp-json\/wp\/v2\/posts\/19661","targetHints":{"allow":["GET"]}}],"collection":[{"href":"https:\/\/www.ambienteyenergia.gob.ec\/ambiente\/wp-json\/wp\/v2\/posts"}],"about":[{"href":"https:\/\/www.ambienteyenergia.gob.ec\/ambiente\/wp-json\/wp\/v2\/types\/post"}],"author":[{"embeddable":true,"href":"https:\/\/www.ambienteyenergia.gob.ec\/ambiente\/wp-json\/wp\/v2\/users\/13"}],"replies":[{"embeddable":true,"href":"https:\/\/www.ambienteyenergia.gob.ec\/ambiente\/wp-json\/wp\/v2\/comments?post=19661"}],"version-history":[{"count":0,"href":"https:\/\/www.ambienteyenergia.gob.ec\/ambiente\/wp-json\/wp\/v2\/posts\/19661\/revisions"}],"wp:featuredmedia":[{"embeddable":true,"href":"https:\/\/www.ambienteyenergia.gob.ec\/ambiente\/wp-json\/wp\/v2\/media\/19667"}],"wp:attachment":[{"href":"https:\/\/www.ambienteyenergia.gob.ec\/ambiente\/wp-json\/wp\/v2\/media?parent=19661"}],"wp:term":[{"taxonomy":"category","embeddable":true,"href":"https:\/\/www.ambienteyenergia.gob.ec\/ambiente\/wp-json\/wp\/v2\/categories?post=19661"},{"taxonomy":"post_tag","embeddable":true,"href":"https:\/\/www.ambienteyenergia.gob.ec\/ambiente\/wp-json\/wp\/v2\/tags?post=19661"}],"curies":[{"name":"wp","href":"https:\/\/api.w.org\/{rel}","templated":true}]}}