{"id":19655,"date":"2014-04-29T09:38:14","date_gmt":"2014-04-29T14:38:14","guid":{"rendered":"http:\/\/www.ambiente.gob.ec\/?p=19655"},"modified":"2014-04-29T09:38:14","modified_gmt":"2014-04-29T14:38:14","slug":"mae-entrego-plantas-frutales-a-comunidades-de-la-cuenca-del-rio-portoviejo","status":"publish","type":"post","link":"https:\/\/www.ambienteyenergia.gob.ec\/ambiente\/mae-entrego-plantas-frutales-a-comunidades-de-la-cuenca-del-rio-portoviejo\/","title":{"rendered":"MAE entreg\u00f3 plantas frutales a comunidades de la cuenca del r\u00edo Portoviejo"},"content":{"rendered":"<p style=\"text-align: justify;\">Como parte del proyecto &#8216;<i>Medidas de Protecci\u00f3n y Adaptaci\u00f3n al Cambio Clim\u00e1tico en tres Microcuencas de la Parte Alta del R\u00edo Portoviejo&#8217;<\/i> que se ejecuta en la Mancomunidad Centro Sur de Manab\u00ed, el Ministerio del Ambiente (MAE) entreg\u00f3 plantas frutales a miembros de las fincas demostrativas y juntas parroquiales de este sector.<\/p>\n<p style=\"text-align: justify;\">El programa es cofinanciado por el Proyecto de Adaptaci\u00f3n al Cambio Clim\u00e1tico a trav\u00e9s de una Efectiva Gobernabilidad del Agua (PACC) de la Subsecretar\u00eda de Cambio Clim\u00e1tico del MAE, que continuar\u00e1 con el proceso de entrega de plantas a seis fincas piloto implementadas en las microcuencas de Taina, Chamucame y Naranjal, en los cantones 24 de Mayo y Santa Ana, buscando beneficiar a pobladores de aproximadamente 20 parroquias situadas en la zona de influencia (Ayacucho, Honorato V\u00e1squez, La Uni\u00f3n, Pueblo Nuevo, Noboa y Sixto Duran Ball\u00e9n).<\/p>\n<p style=\"text-align: justify;\">Asimismo, el PACC prev\u00e9 entregar un total de 5 500 plantas (2 500 de lim\u00f3n y 2 000 de naranja), que fueron adquiridas en un vivero de la zona con certificaci\u00f3n de Agrocalidad.<\/p>\n<p style=\"text-align: justify;\">Entre los beneficios de esta iniciativa est\u00e1n los procesos de capacitaci\u00f3n a j\u00f3venes y adultos, conformaci\u00f3n de comit\u00e9s de gesti\u00f3n de las microcuencas, elaboraci\u00f3n de planes de manejo y establecimiento de seis parcelas demostrativas. Adicionalmente, se construir\u00e1n tres sistemas de captaci\u00f3n y distribuci\u00f3n de agua.<\/p>\n<p style=\"text-align: justify;\">Para conocer m\u00e1s sobre el proyecto, visite el enlace: http:\/\/www.pacc-ecuador.org\/portfolio\/proyecto-mcsm\/<\/p>\n","protected":false},"excerpt":{"rendered":"<p class=\"excerpt\">Como parte del proyecto &#8216;Medidas de Protecci\u00f3n y Adaptaci\u00f3n al Cambio Clim\u00e1tico en tres Microcuencas de la Parte Alta del R\u00edo Portoviejo&#8217; que se ejecuta en la Mancomunidad Centro Sur de Manab\u00ed, el Ministerio del Ambiente (MAE) entreg\u00f3 plantas frutales a miembros de las fincas demostrativas y juntas parroquiales de este sector. El programa es cofinanciado por el Proyecto de&hellip; <a href=\"https:\/\/www.ambienteyenergia.gob.ec\/ambiente\/mae-entrego-plantas-frutales-a-comunidades-de-la-cuenca-del-rio-portoviejo\/\">Read more &rarr;<\/a><\/p>\n","protected":false},"author":13,"featured_media":19656,"comment_status":"open","ping_status":"open","sticky":false,"template":"","format":"standard","meta":{"footnotes":""},"categories":[16,4],"tags":[],"class_list":["post-19655","post","type-post","status-publish","format-standard","has-post-thumbnail","hentry","category-comunicamos","category-noticias","xfolkentry"],"_links":{"self":[{"href":"https:\/\/www.ambienteyenergia.gob.ec\/ambiente\/wp-json\/wp\/v2\/posts\/19655","targetHints":{"allow":["GET"]}}],"collection":[{"href":"https:\/\/www.ambienteyenergia.gob.ec\/ambiente\/wp-json\/wp\/v2\/posts"}],"about":[{"href":"https:\/\/www.ambienteyenergia.gob.ec\/ambiente\/wp-json\/wp\/v2\/types\/post"}],"author":[{"embeddable":true,"href":"https:\/\/www.ambienteyenergia.gob.ec\/ambiente\/wp-json\/wp\/v2\/users\/13"}],"replies":[{"embeddable":true,"href":"https:\/\/www.ambienteyenergia.gob.ec\/ambiente\/wp-json\/wp\/v2\/comments?post=19655"}],"version-history":[{"count":0,"href":"https:\/\/www.ambienteyenergia.gob.ec\/ambiente\/wp-json\/wp\/v2\/posts\/19655\/revisions"}],"wp:featuredmedia":[{"embeddable":true,"href":"https:\/\/www.ambienteyenergia.gob.ec\/ambiente\/wp-json\/wp\/v2\/media\/19656"}],"wp:attachment":[{"href":"https:\/\/www.ambienteyenergia.gob.ec\/ambiente\/wp-json\/wp\/v2\/media?parent=19655"}],"wp:term":[{"taxonomy":"category","embeddable":true,"href":"https:\/\/www.ambienteyenergia.gob.ec\/ambiente\/wp-json\/wp\/v2\/categories?post=19655"},{"taxonomy":"post_tag","embeddable":true,"href":"https:\/\/www.ambienteyenergia.gob.ec\/ambiente\/wp-json\/wp\/v2\/tags?post=19655"}],"curies":[{"name":"wp","href":"https:\/\/api.w.org\/{rel}","templated":true}]}}