{"id":19649,"date":"2014-04-29T08:29:39","date_gmt":"2014-04-29T13:29:39","guid":{"rendered":"http:\/\/www.ambiente.gob.ec\/?p=19649"},"modified":"2014-05-14T14:41:17","modified_gmt":"2014-05-14T19:41:17","slug":"mae-sensibilizo-a-600-guardianes-del-planeta-sobre-la-conservacion-del-agua-en-napo","status":"publish","type":"post","link":"https:\/\/www.ambienteyenergia.gob.ec\/ambiente\/mae-sensibilizo-a-600-guardianes-del-planeta-sobre-la-conservacion-del-agua-en-napo\/","title":{"rendered":"MAE sensibiliz\u00f3 a 600 Guardianes del Planeta sobre la conservaci\u00f3n del agua en Napo"},"content":{"rendered":"<p style=\"text-align: justify;\">El Ministerio del Ambiente, a trav\u00e9s de la Direcci\u00f3n Provincial del Ambiente de Napo, ejecut\u00f3 diferentes actividades durante las jornadas de educaci\u00f3n ambiental dentro de la Red Guardianes del Planeta, con la finalidad de sensibilizar a ni\u00f1as y ni\u00f1os de las escuelas de la provincia sobre el cuidado y manejo de los recursos naturales, en especial del recurso Agua.<\/p>\n<p style=\"text-align: justify;\">En diferentes escuelas de las parroquias de Borja y Baeza, se trabaj\u00f3 para sensibilizar y motivar en las ni\u00f1as y ni\u00f1os el cuidado de los recursos naturales, especialmente la importancia de mantener, cuidar y proteger el agua. Para estas actividades se cont\u00f3 con el apoyo de\u00a0 Empresa Hidroel\u00e9ctrica Coca Codo Sinclair, que present\u00f3 una obra de teatro titulada \u201cEl Secreto de la Monta\u00f1a\u201d.<\/p>\n<p style=\"text-align: justify;\">Estas jornadas de educaci\u00f3n ambiental de la Red Guardianes del Planeta se ejecuta en el marco de capacitaci\u00f3n para dar a conocer los bienes y servicios que nos proporciona la naturaleza.<\/p>\n<p style=\"text-align: justify;\">Actualmente el MAE, en la provincia del Napo, cuenta con 600 Guardianes del Planeta sensibilizados en esta tem\u00e1tica.<\/p>\n<p style=\"text-align: justify;\">La Direcci\u00f3n Provincial del Ambiente de Napo seguir\u00e1 desarrollando actividades de educaci\u00f3n ambiental\u00a0 con la finalidad de concienciar en la poblaci\u00f3n Napense el cuidado de\u00a0 los recursos naturales.<\/p>\n","protected":false},"excerpt":{"rendered":"<p class=\"excerpt\">El Ministerio del Ambiente, a trav\u00e9s de la Direcci\u00f3n Provincial del Ambiente de Napo, ejecut\u00f3 diferentes actividades durante las jornadas de educaci\u00f3n ambiental dentro de la Red Guardianes del Planeta, con la finalidad de sensibilizar a ni\u00f1as y ni\u00f1os de las escuelas de la provincia sobre el cuidado y manejo de los recursos naturales, en especial del recurso Agua. En&hellip; <a href=\"https:\/\/www.ambienteyenergia.gob.ec\/ambiente\/mae-sensibilizo-a-600-guardianes-del-planeta-sobre-la-conservacion-del-agua-en-napo\/\">Read more &rarr;<\/a><\/p>\n","protected":false},"author":13,"featured_media":19650,"comment_status":"open","ping_status":"open","sticky":false,"template":"","format":"standard","meta":{"footnotes":""},"categories":[16,4],"tags":[],"class_list":["post-19649","post","type-post","status-publish","format-standard","has-post-thumbnail","hentry","category-comunicamos","category-noticias","xfolkentry"],"_links":{"self":[{"href":"https:\/\/www.ambienteyenergia.gob.ec\/ambiente\/wp-json\/wp\/v2\/posts\/19649","targetHints":{"allow":["GET"]}}],"collection":[{"href":"https:\/\/www.ambienteyenergia.gob.ec\/ambiente\/wp-json\/wp\/v2\/posts"}],"about":[{"href":"https:\/\/www.ambienteyenergia.gob.ec\/ambiente\/wp-json\/wp\/v2\/types\/post"}],"author":[{"embeddable":true,"href":"https:\/\/www.ambienteyenergia.gob.ec\/ambiente\/wp-json\/wp\/v2\/users\/13"}],"replies":[{"embeddable":true,"href":"https:\/\/www.ambienteyenergia.gob.ec\/ambiente\/wp-json\/wp\/v2\/comments?post=19649"}],"version-history":[{"count":0,"href":"https:\/\/www.ambienteyenergia.gob.ec\/ambiente\/wp-json\/wp\/v2\/posts\/19649\/revisions"}],"wp:featuredmedia":[{"embeddable":true,"href":"https:\/\/www.ambienteyenergia.gob.ec\/ambiente\/wp-json\/wp\/v2\/media\/19650"}],"wp:attachment":[{"href":"https:\/\/www.ambienteyenergia.gob.ec\/ambiente\/wp-json\/wp\/v2\/media?parent=19649"}],"wp:term":[{"taxonomy":"category","embeddable":true,"href":"https:\/\/www.ambienteyenergia.gob.ec\/ambiente\/wp-json\/wp\/v2\/categories?post=19649"},{"taxonomy":"post_tag","embeddable":true,"href":"https:\/\/www.ambienteyenergia.gob.ec\/ambiente\/wp-json\/wp\/v2\/tags?post=19649"}],"curies":[{"name":"wp","href":"https:\/\/api.w.org\/{rel}","templated":true}]}}