{"id":19646,"date":"2014-04-28T17:03:15","date_gmt":"2014-04-28T22:03:15","guid":{"rendered":"http:\/\/www.ambiente.gob.ec\/?p=19646"},"modified":"2014-04-29T09:02:44","modified_gmt":"2014-04-29T14:02:44","slug":"15-m%c2%b3-de-madera-fue-decomisada-tras-operativo-de-control-forestal-en-bolivar","status":"publish","type":"post","link":"https:\/\/www.ambienteyenergia.gob.ec\/ambiente\/15-m%c2%b3-de-madera-fue-decomisada-tras-operativo-de-control-forestal-en-bolivar\/","title":{"rendered":"15 m\u00b3 de madera fue decomisada tras operativo de control forestal en Bol\u00edvar"},"content":{"rendered":"<p style=\"text-align: justify;\">El Ministerio del Ambiente (MAE), en coordinaci\u00f3n la Unidad de Protecci\u00f3n de Medio Ambiente (UPMA), cumpliendo con la normativa forestal vigente y como un mecanismo de supervisi\u00f3n para lograr un buen manejo\u00a0 del producto forestal y de los bosques nativos realiz\u00f3 un operativo de control diurno en aserraderos de los cantones de Guaranda y San\u00a0 Miguel.<\/p>\n<p style=\"text-align: justify;\">En la jornada de control que se desarroll\u00f3 del 21 al 25 de abril, se decomis\u00f3 15 metros c\u00fabicos de la especie cedrillo en el aserradero Tres hermanos, por no contar con los permisos respectivos.<\/p>\n<p style=\"text-align: justify;\">La madera permanece en custodia del mismo establecimiento mientras el MAE ejecuta el proceso administrativo correspondiente.<\/p>\n<p style=\"text-align: justify;\">Los controles forestales continuar\u00e1n para precautelar e inducir a la poblaci\u00f3n a un manejo sustentable de los bosques, parte del patrimonio natural del pa\u00eds.<\/p>\n","protected":false},"excerpt":{"rendered":"<p class=\"excerpt\">El Ministerio del Ambiente (MAE), en coordinaci\u00f3n la Unidad de Protecci\u00f3n de Medio Ambiente (UPMA), cumpliendo con la normativa forestal vigente y como un mecanismo de supervisi\u00f3n para lograr un buen manejo\u00a0 del producto forestal y de los bosques nativos realiz\u00f3 un operativo de control diurno en aserraderos de los cantones de Guaranda y San\u00a0 Miguel. En la jornada de&hellip; <a href=\"https:\/\/www.ambienteyenergia.gob.ec\/ambiente\/15-m%c2%b3-de-madera-fue-decomisada-tras-operativo-de-control-forestal-en-bolivar\/\">Read more &rarr;<\/a><\/p>\n","protected":false},"author":13,"featured_media":19647,"comment_status":"open","ping_status":"open","sticky":false,"template":"","format":"standard","meta":{"footnotes":""},"categories":[16,4],"tags":[],"class_list":["post-19646","post","type-post","status-publish","format-standard","has-post-thumbnail","hentry","category-comunicamos","category-noticias","xfolkentry"],"_links":{"self":[{"href":"https:\/\/www.ambienteyenergia.gob.ec\/ambiente\/wp-json\/wp\/v2\/posts\/19646","targetHints":{"allow":["GET"]}}],"collection":[{"href":"https:\/\/www.ambienteyenergia.gob.ec\/ambiente\/wp-json\/wp\/v2\/posts"}],"about":[{"href":"https:\/\/www.ambienteyenergia.gob.ec\/ambiente\/wp-json\/wp\/v2\/types\/post"}],"author":[{"embeddable":true,"href":"https:\/\/www.ambienteyenergia.gob.ec\/ambiente\/wp-json\/wp\/v2\/users\/13"}],"replies":[{"embeddable":true,"href":"https:\/\/www.ambienteyenergia.gob.ec\/ambiente\/wp-json\/wp\/v2\/comments?post=19646"}],"version-history":[{"count":0,"href":"https:\/\/www.ambienteyenergia.gob.ec\/ambiente\/wp-json\/wp\/v2\/posts\/19646\/revisions"}],"wp:featuredmedia":[{"embeddable":true,"href":"https:\/\/www.ambienteyenergia.gob.ec\/ambiente\/wp-json\/wp\/v2\/media\/19647"}],"wp:attachment":[{"href":"https:\/\/www.ambienteyenergia.gob.ec\/ambiente\/wp-json\/wp\/v2\/media?parent=19646"}],"wp:term":[{"taxonomy":"category","embeddable":true,"href":"https:\/\/www.ambienteyenergia.gob.ec\/ambiente\/wp-json\/wp\/v2\/categories?post=19646"},{"taxonomy":"post_tag","embeddable":true,"href":"https:\/\/www.ambienteyenergia.gob.ec\/ambiente\/wp-json\/wp\/v2\/tags?post=19646"}],"curies":[{"name":"wp","href":"https:\/\/api.w.org\/{rel}","templated":true}]}}