{"id":19643,"date":"2014-04-28T16:59:20","date_gmt":"2014-04-28T21:59:20","guid":{"rendered":"http:\/\/www.ambiente.gob.ec\/?p=19643"},"modified":"2014-04-28T16:59:20","modified_gmt":"2014-04-28T21:59:20","slug":"mae-realiza-un-taller-de-socializacion-del-proyecto-socio-bosque-en-la-provincia-de-zamora-chinchipe","status":"publish","type":"post","link":"https:\/\/www.ambienteyenergia.gob.ec\/ambiente\/mae-realiza-un-taller-de-socializacion-del-proyecto-socio-bosque-en-la-provincia-de-zamora-chinchipe\/","title":{"rendered":"MAE realiza un taller de socializaci\u00f3n del proyecto socio bosque en la provincia de Zamora Chinchipe"},"content":{"rendered":"<p style=\"text-align: justify;\">El Ministerio del Ambiente, a trav\u00e9s de la Direcci\u00f3n Provincial de Ambiente de Zamora Chinchipe con\u00a0 el objetivo de fortalecer las capacidades locales de las comunidades rurales que se encuentran habitando tierras degradadas, microcuencas abastecedoras de agua y bosque nativo que requieren involucrarse en la protecci\u00f3n y conservaci\u00f3n de los recursos naturales se realiz\u00f3 un Taller de Socializaci\u00f3n sobre el proyecto socio bosque, ley, gobernanza y regencia forestal en la Junta Parroquial de San Francisco del Vergel del cant\u00f3n Palanda, provincia de Zamora Chinchipe.<\/p>\n<p>Al taller acudieron T\u00e9cnicos MAE, T\u00e9cnicos del Programa de\u00a0 reforestaci\u00f3n del Ministerio de Agricultura, Ganader\u00eda, Acuicultura y Pesca (MAGAP), T\u00e9cnicos de la Subsecretaria de tierras, T\u00e9cnicos del Gobierno Provincial\u00a0 de Zamora Chinchipe.<\/p>\n<p>La finalidad del evento, que cont\u00f3 con la participaci\u00f3n de 23 personas (moradores de San Francisco de Vergel) fue el de difundir y socializar a los actores sociales de la parroquia sobre la importancia e implicaci\u00f3n de la gobernanza forestal, normativa ambiental vigente y gratuidad de la regencia forestal del MAE.<\/p>\n<p>Entre los logros alcanzados en esta jornada de trabajo destaca el involucramiento de la ciudadan\u00eda en temas relacionado con el medio ambiente, dando a conocer sobre los proyectos que esta Cartera de Estado lleva a cabo en la provincia como lo es la reforestaci\u00f3n, conservaci\u00f3n y protecci\u00f3n de \u00e1reas protegidas, los beneficios econ\u00f3micos y no econ\u00f3micos del manejo forestal sustentable.<\/p>\n<p>Difundir y socializar a los actores sociales de la parroquia San Francisco del Vergel, la gobernanza forestal, normativa ambiental vigente y gratuidad de la regencia forestal del Ministerio del Ambiente.<\/p>\n","protected":false},"excerpt":{"rendered":"<p class=\"excerpt\">El Ministerio del Ambiente, a trav\u00e9s de la Direcci\u00f3n Provincial de Ambiente de Zamora Chinchipe con\u00a0 el objetivo de fortalecer las capacidades locales de las comunidades rurales que se encuentran habitando tierras degradadas, microcuencas abastecedoras de agua y bosque nativo que requieren involucrarse en la protecci\u00f3n y conservaci\u00f3n de los recursos naturales se realiz\u00f3 un Taller de Socializaci\u00f3n sobre el&hellip; <a href=\"https:\/\/www.ambienteyenergia.gob.ec\/ambiente\/mae-realiza-un-taller-de-socializacion-del-proyecto-socio-bosque-en-la-provincia-de-zamora-chinchipe\/\">Read more &rarr;<\/a><\/p>\n","protected":false},"author":13,"featured_media":19644,"comment_status":"open","ping_status":"open","sticky":false,"template":"","format":"standard","meta":{"footnotes":""},"categories":[16,4],"tags":[],"class_list":["post-19643","post","type-post","status-publish","format-standard","has-post-thumbnail","hentry","category-comunicamos","category-noticias","xfolkentry"],"_links":{"self":[{"href":"https:\/\/www.ambienteyenergia.gob.ec\/ambiente\/wp-json\/wp\/v2\/posts\/19643","targetHints":{"allow":["GET"]}}],"collection":[{"href":"https:\/\/www.ambienteyenergia.gob.ec\/ambiente\/wp-json\/wp\/v2\/posts"}],"about":[{"href":"https:\/\/www.ambienteyenergia.gob.ec\/ambiente\/wp-json\/wp\/v2\/types\/post"}],"author":[{"embeddable":true,"href":"https:\/\/www.ambienteyenergia.gob.ec\/ambiente\/wp-json\/wp\/v2\/users\/13"}],"replies":[{"embeddable":true,"href":"https:\/\/www.ambienteyenergia.gob.ec\/ambiente\/wp-json\/wp\/v2\/comments?post=19643"}],"version-history":[{"count":0,"href":"https:\/\/www.ambienteyenergia.gob.ec\/ambiente\/wp-json\/wp\/v2\/posts\/19643\/revisions"}],"wp:featuredmedia":[{"embeddable":true,"href":"https:\/\/www.ambienteyenergia.gob.ec\/ambiente\/wp-json\/wp\/v2\/media\/19644"}],"wp:attachment":[{"href":"https:\/\/www.ambienteyenergia.gob.ec\/ambiente\/wp-json\/wp\/v2\/media?parent=19643"}],"wp:term":[{"taxonomy":"category","embeddable":true,"href":"https:\/\/www.ambienteyenergia.gob.ec\/ambiente\/wp-json\/wp\/v2\/categories?post=19643"},{"taxonomy":"post_tag","embeddable":true,"href":"https:\/\/www.ambienteyenergia.gob.ec\/ambiente\/wp-json\/wp\/v2\/tags?post=19643"}],"curies":[{"name":"wp","href":"https:\/\/api.w.org\/{rel}","templated":true}]}}