{"id":19638,"date":"2014-04-28T15:14:23","date_gmt":"2014-04-28T20:14:23","guid":{"rendered":"http:\/\/www.ambiente.gob.ec\/?p=19638"},"modified":"2014-04-28T15:15:06","modified_gmt":"2014-04-28T20:15:06","slug":"lora-cabeciazul-fue-decomisada-en-azuay","status":"publish","type":"post","link":"https:\/\/www.ambienteyenergia.gob.ec\/ambiente\/lora-cabeciazul-fue-decomisada-en-azuay\/","title":{"rendered":"Lora cabeciazul fue decomisada en Azuay"},"content":{"rendered":"<p style=\"text-align: justify;\">El Ministerio del Ambiente del Ecuador (MAE), tras una denuncia receptada por el ECU 911, decomis\u00f3 una lora cabeciazul (pionus menstruus), que se encontraba en posesi\u00f3n de una familia en la ciudadela de los Ingenieros 2, ubicada en Cuenca, provincia de Azuay.<\/p>\n<p style=\"text-align: justify;\">\n<p style=\"text-align: justify;\">Al conocer la noticia, funcionarios del MAE se movilizaron inmediatamente al lugar para verificar la presencia del ejemplar. Al llegar al domicilio donde permanec\u00eda en cautiverio, se le efectu\u00f3 un chequeo en el que se identific\u00f3 un plumaje deteriorado y una malformaci\u00f3n en su pico. Su condici\u00f3n de salud se vio afectada , pues el ambiente en el que viv\u00eda no era la m\u00e1s favorable.<\/p>\n<p style=\"text-align: justify;\">\n<p style=\"text-align: justify;\">El ave fue trasladada a un centro de rescate avalado por la Autoridad Ambiental para su rehabilitaci\u00f3n. Ah\u00ed, permanecer\u00e1 en un per\u00edodo de cuarentena hasta determinar si es posible o no reinsertarla en su h\u00e1bitat natural.<\/p>\n<p style=\"text-align: justify;\">\n<p style=\"text-align: justify;\">El ave, originaria de los bosques h\u00famedos tropicales, suele recorrer en bandadas grandes extensiones de territorio. Su alimentaci\u00f3n est\u00e1 basada en frutas y algunos cultivos.<\/p>\n<p style=\"text-align: justify;\">\n<p style=\"text-align: justify;\">El MAE, por su parte, continuar\u00e1 con los operativos de fauna silvestre y con actividades de concienciaci\u00f3n con el fin de evitar que se comercialice este tipo de especies. Asimismo, hace un llamado de atenci\u00f3n a la ciudadan\u00eda para que denuncie casos como \u00e9ste al portal MAE transparente (http:\/\/mesadeayuda.ambiente.gob.ec\/otrs\/customer.pl).<br \/>\n<strong> El dato<\/strong><br \/>\nCasi el 60% de de aves rescatadas en el Azuay son psit\u00e1cidos con pico grande y fuerte para romper semillas.<\/p>\n","protected":false},"excerpt":{"rendered":"<p class=\"excerpt\">El Ministerio del Ambiente del Ecuador (MAE), tras una denuncia receptada por el ECU 911, decomis\u00f3 una lora cabeciazul (pionus menstruus), que se encontraba en posesi\u00f3n de una familia en la ciudadela de los Ingenieros 2, ubicada en Cuenca, provincia de Azuay. Al conocer la noticia, funcionarios del MAE se movilizaron inmediatamente al lugar para verificar la presencia del ejemplar.&hellip; <a href=\"https:\/\/www.ambienteyenergia.gob.ec\/ambiente\/lora-cabeciazul-fue-decomisada-en-azuay\/\">Read more &rarr;<\/a><\/p>\n","protected":false},"author":13,"featured_media":19639,"comment_status":"open","ping_status":"open","sticky":false,"template":"","format":"standard","meta":{"footnotes":""},"categories":[16,4],"tags":[],"class_list":["post-19638","post","type-post","status-publish","format-standard","has-post-thumbnail","hentry","category-comunicamos","category-noticias","xfolkentry"],"_links":{"self":[{"href":"https:\/\/www.ambienteyenergia.gob.ec\/ambiente\/wp-json\/wp\/v2\/posts\/19638","targetHints":{"allow":["GET"]}}],"collection":[{"href":"https:\/\/www.ambienteyenergia.gob.ec\/ambiente\/wp-json\/wp\/v2\/posts"}],"about":[{"href":"https:\/\/www.ambienteyenergia.gob.ec\/ambiente\/wp-json\/wp\/v2\/types\/post"}],"author":[{"embeddable":true,"href":"https:\/\/www.ambienteyenergia.gob.ec\/ambiente\/wp-json\/wp\/v2\/users\/13"}],"replies":[{"embeddable":true,"href":"https:\/\/www.ambienteyenergia.gob.ec\/ambiente\/wp-json\/wp\/v2\/comments?post=19638"}],"version-history":[{"count":0,"href":"https:\/\/www.ambienteyenergia.gob.ec\/ambiente\/wp-json\/wp\/v2\/posts\/19638\/revisions"}],"wp:featuredmedia":[{"embeddable":true,"href":"https:\/\/www.ambienteyenergia.gob.ec\/ambiente\/wp-json\/wp\/v2\/media\/19639"}],"wp:attachment":[{"href":"https:\/\/www.ambienteyenergia.gob.ec\/ambiente\/wp-json\/wp\/v2\/media?parent=19638"}],"wp:term":[{"taxonomy":"category","embeddable":true,"href":"https:\/\/www.ambienteyenergia.gob.ec\/ambiente\/wp-json\/wp\/v2\/categories?post=19638"},{"taxonomy":"post_tag","embeddable":true,"href":"https:\/\/www.ambienteyenergia.gob.ec\/ambiente\/wp-json\/wp\/v2\/tags?post=19638"}],"curies":[{"name":"wp","href":"https:\/\/api.w.org\/{rel}","templated":true}]}}