{"id":19634,"date":"2014-04-28T14:06:49","date_gmt":"2014-04-28T19:06:49","guid":{"rendered":"http:\/\/www.ambiente.gob.ec\/?p=19634"},"modified":"2014-04-28T14:06:49","modified_gmt":"2014-04-28T19:06:49","slug":"1-500-arboles-fueron-sembrados-en-manabi-por-el-dia-de-la-tierra","status":"publish","type":"post","link":"https:\/\/www.ambienteyenergia.gob.ec\/ambiente\/1-500-arboles-fueron-sembrados-en-manabi-por-el-dia-de-la-tierra\/","title":{"rendered":"1 500 \u00e1rboles fueron sembrados en Manab\u00ed por el D\u00eda de la Tierra"},"content":{"rendered":"<p style=\"text-align: justify;\">Como parte de las actividades que realiz\u00f3 el Ministerio del Ambiente (MAE) en \u00a0conmemoraci\u00f3n al D\u00eda Internacional de la Madre Tierra, la Direcci\u00f3n Provincial de Manab\u00ed, efectu\u00f3 una jornada de reforestaci\u00f3n en la parroquia Los Bajos del cant\u00f3n Montecristi, en la que se plantaron 1500 \u00e1rboles, con el apoyo de 200 scouts.<\/p>\n<p style=\"text-align: justify;\">Los habitantes del sector se sintieron complacidos por la iniciativa del MAE y se comprometieron no solo a plantar los \u00e1rboles, sino a darles mantenimiento hasta que crezcan.<\/p>\n<p style=\"text-align: justify;\">Entre las especies que se sembraron est\u00e1n Cascol Neem, Melina, Moral Fino, Guan\u00e1bana, Lim\u00f3n, Tamarindo y Guachapel\u00ed. Estas plantas aportar\u00e1n a la protecci\u00f3n de las cuencas hidrogr\u00e1ficas y evitar\u00e1 la erosi\u00f3n de los suelos.<\/p>\n<p style=\"text-align: justify;\">El MAE con el fin de fortalecer la pol\u00edtica de patrimonio natural del MAE,\u00a0 plate\u00f3 la iniciativa \u2018Sembrando Futuro\u2019, que busca la restauraci\u00f3n forestal de m\u00e1s de 100 mil hect\u00e1reas durante este a\u00f1o.<\/p>\n<p style=\"text-align: justify;\">\n","protected":false},"excerpt":{"rendered":"<p class=\"excerpt\">Como parte de las actividades que realiz\u00f3 el Ministerio del Ambiente (MAE) en \u00a0conmemoraci\u00f3n al D\u00eda Internacional de la Madre Tierra, la Direcci\u00f3n Provincial de Manab\u00ed, efectu\u00f3 una jornada de reforestaci\u00f3n en la parroquia Los Bajos del cant\u00f3n Montecristi, en la que se plantaron 1500 \u00e1rboles, con el apoyo de 200 scouts. Los habitantes del sector se sintieron complacidos por&hellip; <a href=\"https:\/\/www.ambienteyenergia.gob.ec\/ambiente\/1-500-arboles-fueron-sembrados-en-manabi-por-el-dia-de-la-tierra\/\">Read more &rarr;<\/a><\/p>\n","protected":false},"author":13,"featured_media":19636,"comment_status":"open","ping_status":"open","sticky":false,"template":"","format":"standard","meta":{"footnotes":""},"categories":[16,4],"tags":[],"class_list":["post-19634","post","type-post","status-publish","format-standard","has-post-thumbnail","hentry","category-comunicamos","category-noticias","xfolkentry"],"_links":{"self":[{"href":"https:\/\/www.ambienteyenergia.gob.ec\/ambiente\/wp-json\/wp\/v2\/posts\/19634","targetHints":{"allow":["GET"]}}],"collection":[{"href":"https:\/\/www.ambienteyenergia.gob.ec\/ambiente\/wp-json\/wp\/v2\/posts"}],"about":[{"href":"https:\/\/www.ambienteyenergia.gob.ec\/ambiente\/wp-json\/wp\/v2\/types\/post"}],"author":[{"embeddable":true,"href":"https:\/\/www.ambienteyenergia.gob.ec\/ambiente\/wp-json\/wp\/v2\/users\/13"}],"replies":[{"embeddable":true,"href":"https:\/\/www.ambienteyenergia.gob.ec\/ambiente\/wp-json\/wp\/v2\/comments?post=19634"}],"version-history":[{"count":0,"href":"https:\/\/www.ambienteyenergia.gob.ec\/ambiente\/wp-json\/wp\/v2\/posts\/19634\/revisions"}],"wp:featuredmedia":[{"embeddable":true,"href":"https:\/\/www.ambienteyenergia.gob.ec\/ambiente\/wp-json\/wp\/v2\/media\/19636"}],"wp:attachment":[{"href":"https:\/\/www.ambienteyenergia.gob.ec\/ambiente\/wp-json\/wp\/v2\/media?parent=19634"}],"wp:term":[{"taxonomy":"category","embeddable":true,"href":"https:\/\/www.ambienteyenergia.gob.ec\/ambiente\/wp-json\/wp\/v2\/categories?post=19634"},{"taxonomy":"post_tag","embeddable":true,"href":"https:\/\/www.ambienteyenergia.gob.ec\/ambiente\/wp-json\/wp\/v2\/tags?post=19634"}],"curies":[{"name":"wp","href":"https:\/\/api.w.org\/{rel}","templated":true}]}}