{"id":19628,"date":"2014-04-28T12:42:19","date_gmt":"2014-04-28T17:42:19","guid":{"rendered":"http:\/\/www.ambiente.gob.ec\/?p=19628"},"modified":"2014-04-28T12:42:19","modified_gmt":"2014-04-28T17:42:19","slug":"mae-y-feep-firmaron-convenio-para-reforestar-635-hectareas-del-corredor-turistico-ferroviario","status":"publish","type":"post","link":"https:\/\/www.ambienteyenergia.gob.ec\/ambiente\/mae-y-feep-firmaron-convenio-para-reforestar-635-hectareas-del-corredor-turistico-ferroviario\/","title":{"rendered":"MAE y FEEP firmaron convenio para reforestar 635 hect\u00e1reas del Corredor Tur\u00edstico Ferroviario"},"content":{"rendered":"<p style=\"text-align: justify;\">Hoy, el Ministerio del Ambiente (MAE) y Ferrocarriles del Ecuador (FEEP) firmaron un convenio para reforestar 635 hect\u00e1reas, que permiten el mejoramiento ambiental de los ecosistemas a lo largo del Corredor Tur\u00edstico Ferroviario. El acuerdo es parte del programa &#8216;Restauraci\u00f3n con fines de protecci\u00f3n y conservaci\u00f3n&#8217; que ejecuta esta Cartera de Estado, a trav\u00e9s del Programa Nacional de Incentivos Socio Bosque y la Subsecretar\u00eda de Patrimonio Natural.<\/p>\n<p style=\"text-align: justify;\">En su intervenci\u00f3n, la Ministra del Ambiente, Lorena Tapia, asegur\u00f3 que es muy satisfactorio suscribir este convenio, enmarcado en la iniciativa de restauraci\u00f3n forestal m\u00e1s importante que ha tenido el pa\u00eds en los \u00faltimos a\u00f1os. \u00abNos hemos puesto como meta durante este a\u00f1o restaurar m\u00e1s de 100 mil hect\u00e1reas y ahora ustedes se suman a este proyecto, que no s\u00f3lo lo hacemos con las instituciones p\u00fablicas sino con organizaciones privadas y con la ciudadan\u00eda.<\/p>\n<p style=\"text-align: justify;\">\u00abCuentan con el Ministerio del Ambiente para seguir fortaleciendo este trabajo conjunto en beneficio del pa\u00eds y de los ecuatorianos\u00bb, ratific\u00f3 Tapia.<\/p>\n<p style=\"text-align: justify;\">Finalmente, la M\u00e1xima Autoridad Ambiental aprovech\u00f3 la ocasi\u00f3n para invitar a la ciudadan\u00eda a empoderarse de iniciativas como \u00e9sta con el fin de lograr un Ecuador Verde.<\/p>\n<p style=\"text-align: justify;\">Por su parte, Jorge Eduardo Carrera, Gerente General de Ferrocarriles del Ecuador, explic\u00f3 que para FEEP es muy importante trabajar con el Ministerio del Ambiente. \u00abLa empresa busca principalmente entregar a los turistas, tanto nacionales como extranjeros, la posibilidad de admirar un paisaje parte del patrimonio natural del pa\u00eds\u00bb.<\/p>\n<p style=\"text-align: justify;\">Gracias a acciones coordinadas como \u00e9sta, el sistema ferroviario est\u00e1 creciendo. \u00abDentro de los circuitos que estamos desarrollando, el patrimonio natural es uno de los elementos m\u00e1s importantes para hacer turismo\u00bb, explic\u00f3 Carrera.<\/p>\n<p style=\"text-align: justify;\">Otro de los objetivos del convenio fue permitir el libre ingreso al Parque Nacional Cotopaxi, para los visitantes que contraten el producto tur\u00edstico denominado \u201cTren Crucero\u201d de Ferrocarriles del Ecuador. Para ello, esta Cartera de Estado capacitar\u00e1 a los gu\u00edas de FEEP para la obtenci\u00f3n de la licencia de gu\u00edas naturalistas, lo que facilitar\u00e1 los recorridos al interior del Parque.<\/p>\n<p style=\"text-align: justify;\">Al acto oficial asistieron tambi\u00e9n Christian Ter\u00e1n, Subsecretario de Patrimonio Natural del MAE; Sara Tenorio, Coordinadora del Programa de Reforestaci\u00f3n del MAE; Mayra Prado, Gerente de Comunicaci\u00f3n de Ferrocarriles del Ecuador y Francisco Mosquera, Gerente de Planificaci\u00f3n de esa entidad.<\/p>\n<div id='gallery-1' class='gallery galleryid-19628 gallery-columns-3 gallery-size-thumbnail'><dl class='gallery-item'>\n\t\t\t<dt class='gallery-icon landscape'>\n\t\t\t\t<a href='https:\/\/www.ambienteyenergia.gob.ec\/ambiente\/mae-y-feep-firmaron-convenio-para-reforestar-635-hectareas-del-corredor-turistico-ferroviario\/img_1822\/'><img loading=\"lazy\" decoding=\"async\" width=\"150\" height=\"150\" src=\"https:\/\/www.ambienteyenergia.gob.ec\/ambiente\/wp-content\/uploads\/sites\/2\/2014\/04\/IMG_1822-150x150.jpg\" class=\"attachment-thumbnail size-thumbnail\" alt=\"\" \/><\/a>\n\t\t\t<\/dt><\/dl><dl class='gallery-item'>\n\t\t\t<dt class='gallery-icon landscape'>\n\t\t\t\t<a href='https:\/\/www.ambienteyenergia.gob.ec\/ambiente\/mae-y-feep-firmaron-convenio-para-reforestar-635-hectareas-del-corredor-turistico-ferroviario\/img_1843-2\/'><img loading=\"lazy\" decoding=\"async\" width=\"150\" height=\"150\" src=\"https:\/\/www.ambienteyenergia.gob.ec\/ambiente\/wp-content\/uploads\/sites\/2\/2014\/04\/IMG_1843-150x150.jpg\" class=\"attachment-thumbnail size-thumbnail\" alt=\"\" \/><\/a>\n\t\t\t<\/dt><\/dl>\n\t\t\t<br style='clear: both' \/>\n\t\t<\/div>\n\n","protected":false},"excerpt":{"rendered":"<p class=\"excerpt\">Hoy, el Ministerio del Ambiente (MAE) y Ferrocarriles del Ecuador (FEEP) firmaron un convenio para reforestar 635 hect\u00e1reas, que permiten el mejoramiento ambiental de los ecosistemas a lo largo del Corredor Tur\u00edstico Ferroviario. El acuerdo es parte del programa &#8216;Restauraci\u00f3n con fines de protecci\u00f3n y conservaci\u00f3n&#8217; que ejecuta esta Cartera de Estado, a trav\u00e9s del Programa Nacional de Incentivos Socio&hellip; <a href=\"https:\/\/www.ambienteyenergia.gob.ec\/ambiente\/mae-y-feep-firmaron-convenio-para-reforestar-635-hectareas-del-corredor-turistico-ferroviario\/\">Read more &rarr;<\/a><\/p>\n","protected":false},"author":13,"featured_media":19629,"comment_status":"open","ping_status":"open","sticky":false,"template":"","format":"standard","meta":{"footnotes":""},"categories":[16,4],"tags":[],"class_list":["post-19628","post","type-post","status-publish","format-standard","has-post-thumbnail","hentry","category-comunicamos","category-noticias","xfolkentry"],"_links":{"self":[{"href":"https:\/\/www.ambienteyenergia.gob.ec\/ambiente\/wp-json\/wp\/v2\/posts\/19628","targetHints":{"allow":["GET"]}}],"collection":[{"href":"https:\/\/www.ambienteyenergia.gob.ec\/ambiente\/wp-json\/wp\/v2\/posts"}],"about":[{"href":"https:\/\/www.ambienteyenergia.gob.ec\/ambiente\/wp-json\/wp\/v2\/types\/post"}],"author":[{"embeddable":true,"href":"https:\/\/www.ambienteyenergia.gob.ec\/ambiente\/wp-json\/wp\/v2\/users\/13"}],"replies":[{"embeddable":true,"href":"https:\/\/www.ambienteyenergia.gob.ec\/ambiente\/wp-json\/wp\/v2\/comments?post=19628"}],"version-history":[{"count":0,"href":"https:\/\/www.ambienteyenergia.gob.ec\/ambiente\/wp-json\/wp\/v2\/posts\/19628\/revisions"}],"wp:featuredmedia":[{"embeddable":true,"href":"https:\/\/www.ambienteyenergia.gob.ec\/ambiente\/wp-json\/wp\/v2\/media\/19629"}],"wp:attachment":[{"href":"https:\/\/www.ambienteyenergia.gob.ec\/ambiente\/wp-json\/wp\/v2\/media?parent=19628"}],"wp:term":[{"taxonomy":"category","embeddable":true,"href":"https:\/\/www.ambienteyenergia.gob.ec\/ambiente\/wp-json\/wp\/v2\/categories?post=19628"},{"taxonomy":"post_tag","embeddable":true,"href":"https:\/\/www.ambienteyenergia.gob.ec\/ambiente\/wp-json\/wp\/v2\/tags?post=19628"}],"curies":[{"name":"wp","href":"https:\/\/api.w.org\/{rel}","templated":true}]}}