{"id":19612,"date":"2014-04-26T15:43:19","date_gmt":"2014-04-26T20:43:19","guid":{"rendered":"http:\/\/www.ambiente.gob.ec\/?p=19612"},"modified":"2014-04-28T08:28:25","modified_gmt":"2014-04-28T13:28:25","slug":"mae-y-scouts-del-ecuador-impulsan-jornada-mas-grande-reforestacion-en-el-pais","status":"publish","type":"post","link":"https:\/\/www.ambienteyenergia.gob.ec\/ambiente\/mae-y-scouts-del-ecuador-impulsan-jornada-mas-grande-reforestacion-en-el-pais\/","title":{"rendered":"MAE y Scouts del Ecuador impulsan jornada m\u00e1s grande de reforestaci\u00f3n en el pa\u00eds"},"content":{"rendered":"<p style=\"text-align: justify;\">Hoy, la Ministra del Ambiente, Lorena Tapia, particip\u00f3 en una jornada de reforestaci\u00f3n hist\u00f3rica en el pa\u00eds en el marco de la implementaci\u00f3n de su \u00a0pol\u00edtica de patrimonio natural que busca la restauraci\u00f3n forestal de m\u00e1s de 100 000 hect\u00e1reas en este a\u00f1o y de m\u00e1s de 500 000 hasta el 2017. \u00a0\u00a0La campa\u00f1a \u2018Sembrando Futuro\u2019 que lleva adelante la Fundaci\u00f3n Scouts del Ecuador junto con el Ministerio del Ambiente fue el lema \u00a0con el que se realiz\u00f3 la restauraci\u00f3n activa en Guayaquil, Cuenca, Quito, Manta y Riobamba de manera simult\u00e1nea en la cual se sembraron m\u00e1s de 20 000 \u00e1rboles, un hito en la gesti\u00f3n del Ministerio.<\/p>\n<p style=\"text-align: justify;\">M\u00e1s de 4000 ni\u00f1os y j\u00f3venes scouts de todo el pa\u00eds participaron activamente de la mano de la Autoridad Ambiental del pa\u00eds como parte de su formaci\u00f3n en valores\u00a0 como es el respeto a la naturaleza y al cuidado de los recursos naturales.<\/p>\n<p style=\"text-align: justify;\">El acto principal de esta jornada se celebr\u00f3, en Quito, en la zona de amortiguamiento de la Reserva Geobot\u00e1nica Pululahua, en la v\u00eda a la Calacal\u00ed. \u00a0Yeremy Ruiz, joven scout de 12 a\u00f1os, se\u00f1al\u00f3 que es la primera vez que asiste a una actividad ambiental, sin embargo siente que quiere seguir colaborando para cuidar la naturaleza y el planeta. Su compa\u00f1ero Abner Arboleda, de 11 a\u00f1os, en cambio recuerda las ense\u00f1anzas impartidas desde la escuela sobre el cuidado del ambiente. \u201cLos \u00e1rboles nos brindan un mejor ambiente\u00a0 y son parte de nuestra vida por eso debemos cuidarlos\u201d, dijo emocionado pese al cansancio que le produjo caminar por las laderas del p\u00e1ramo de Pichincha<\/p>\n<p style=\"text-align: justify;\">Durante la jornada, los m\u00e1s peque\u00f1os fueron acompa\u00f1ados de scouts con larga trayectoria. Mar\u00eda Alicia Tamayo, de 77 a\u00f1os y la scout participante con mayor edad, cuenta que desde hace 12 a\u00f1os apoya en actividades ambientales con la Fundaci\u00f3n Scout del Ecuador. \u201cMi mayor dicha es poder compartir con los m\u00e1s peque\u00f1os las ense\u00f1anzas sobre el cuidado del ambiente para que sepan que desde peque\u00f1os pueden ser responsables\u201d.<\/p>\n<p style=\"text-align: justify;\">\u201cSomos un gobierno hist\u00f3ricamente responsable con su ambiente y la naturaleza, pero nuestras acciones no podr\u00edan ser posibles y no tendr\u00edan el \u00e9xito que tienen sin no cont\u00e1ramos con el apoyo del sector p\u00fablico, privado, ongs y, sobre todo, ustedes queridos ni\u00f1os y j\u00f3venes scouts, nuestros mejores aliados. Muchas gracias por estar aqu\u00ed y gracias por ense\u00f1arnos a amar nuestra casa grande\u201d, concluy\u00f3 la Ministra Tapia .<\/p>\n<p style=\"text-align: justify;\">Por su parte, Iv\u00e1n Proa\u00f1o, Director Ejecutivo de la Fundaci\u00f3n Scouts del Ecuador, destac\u00f3 el apoyo recibido por el Ministerio del Ambiente para generar cambios de conducta en los ni\u00f1os y ni\u00f1as que forman parte del Grupo Scouts del Ecuador.<\/p>\n<p style=\"text-align: justify;\">El objetivo de este tipo acciones y de la estrategia de restauraci\u00f3n activa es cuidar y proteger los ecosistemas para que los recursos naturales como la biodiversidad y el agua se mantengan.<\/p>\n<div id='gallery-1' class='gallery galleryid-19612 gallery-columns-3 gallery-size-thumbnail'><dl class='gallery-item'>\n\t\t\t<dt class='gallery-icon landscape'>\n\t\t\t\t<a href='https:\/\/www.ambienteyenergia.gob.ec\/ambiente\/mae-y-scouts-del-ecuador-impulsan-jornada-mas-grande-reforestacion-en-el-pais\/img_1653\/'><img loading=\"lazy\" decoding=\"async\" width=\"150\" height=\"150\" src=\"https:\/\/www.ambienteyenergia.gob.ec\/ambiente\/wp-content\/uploads\/sites\/2\/2014\/04\/IMG_1653-150x150.jpg\" class=\"attachment-thumbnail size-thumbnail\" alt=\"\" \/><\/a>\n\t\t\t<\/dt><\/dl><dl class='gallery-item'>\n\t\t\t<dt class='gallery-icon landscape'>\n\t\t\t\t<a href='https:\/\/www.ambienteyenergia.gob.ec\/ambiente\/mae-y-scouts-del-ecuador-impulsan-jornada-mas-grande-reforestacion-en-el-pais\/img_1665\/'><img loading=\"lazy\" decoding=\"async\" width=\"150\" height=\"150\" src=\"https:\/\/www.ambienteyenergia.gob.ec\/ambiente\/wp-content\/uploads\/sites\/2\/2014\/04\/IMG_1665-150x150.jpg\" class=\"attachment-thumbnail size-thumbnail\" alt=\"\" \/><\/a>\n\t\t\t<\/dt><\/dl><dl class='gallery-item'>\n\t\t\t<dt class='gallery-icon landscape'>\n\t\t\t\t<a href='https:\/\/www.ambienteyenergia.gob.ec\/ambiente\/mae-y-scouts-del-ecuador-impulsan-jornada-mas-grande-reforestacion-en-el-pais\/img_1695\/'><img loading=\"lazy\" decoding=\"async\" width=\"150\" height=\"150\" src=\"https:\/\/www.ambienteyenergia.gob.ec\/ambiente\/wp-content\/uploads\/sites\/2\/2014\/04\/IMG_1695-150x150.jpg\" class=\"attachment-thumbnail size-thumbnail\" alt=\"\" \/><\/a>\n\t\t\t<\/dt><\/dl><br style=\"clear: both\" \/><dl class='gallery-item'>\n\t\t\t<dt class='gallery-icon landscape'>\n\t\t\t\t<a href='https:\/\/www.ambienteyenergia.gob.ec\/ambiente\/mae-y-scouts-del-ecuador-impulsan-jornada-mas-grande-reforestacion-en-el-pais\/img_1722\/'><img loading=\"lazy\" decoding=\"async\" width=\"150\" height=\"150\" src=\"https:\/\/www.ambienteyenergia.gob.ec\/ambiente\/wp-content\/uploads\/sites\/2\/2014\/04\/IMG_1722-150x150.jpg\" class=\"attachment-thumbnail size-thumbnail\" alt=\"\" \/><\/a>\n\t\t\t<\/dt><\/dl>\n\t\t\t<br style='clear: both' \/>\n\t\t<\/div>\n\n","protected":false},"excerpt":{"rendered":"<p class=\"excerpt\">Hoy, la Ministra del Ambiente, Lorena Tapia, particip\u00f3 en una jornada de reforestaci\u00f3n hist\u00f3rica en el pa\u00eds en el marco de la implementaci\u00f3n de su \u00a0pol\u00edtica de patrimonio natural que busca la restauraci\u00f3n forestal de m\u00e1s de 100 000 hect\u00e1reas en este a\u00f1o y de m\u00e1s de 500 000 hasta el 2017. \u00a0\u00a0La campa\u00f1a \u2018Sembrando Futuro\u2019 que lleva adelante la&hellip; <a href=\"https:\/\/www.ambienteyenergia.gob.ec\/ambiente\/mae-y-scouts-del-ecuador-impulsan-jornada-mas-grande-reforestacion-en-el-pais\/\">Read more &rarr;<\/a><\/p>\n","protected":false},"author":13,"featured_media":19613,"comment_status":"open","ping_status":"open","sticky":false,"template":"","format":"standard","meta":{"footnotes":""},"categories":[16,4],"tags":[],"class_list":["post-19612","post","type-post","status-publish","format-standard","has-post-thumbnail","hentry","category-comunicamos","category-noticias","xfolkentry"],"_links":{"self":[{"href":"https:\/\/www.ambienteyenergia.gob.ec\/ambiente\/wp-json\/wp\/v2\/posts\/19612","targetHints":{"allow":["GET"]}}],"collection":[{"href":"https:\/\/www.ambienteyenergia.gob.ec\/ambiente\/wp-json\/wp\/v2\/posts"}],"about":[{"href":"https:\/\/www.ambienteyenergia.gob.ec\/ambiente\/wp-json\/wp\/v2\/types\/post"}],"author":[{"embeddable":true,"href":"https:\/\/www.ambienteyenergia.gob.ec\/ambiente\/wp-json\/wp\/v2\/users\/13"}],"replies":[{"embeddable":true,"href":"https:\/\/www.ambienteyenergia.gob.ec\/ambiente\/wp-json\/wp\/v2\/comments?post=19612"}],"version-history":[{"count":0,"href":"https:\/\/www.ambienteyenergia.gob.ec\/ambiente\/wp-json\/wp\/v2\/posts\/19612\/revisions"}],"wp:featuredmedia":[{"embeddable":true,"href":"https:\/\/www.ambienteyenergia.gob.ec\/ambiente\/wp-json\/wp\/v2\/media\/19613"}],"wp:attachment":[{"href":"https:\/\/www.ambienteyenergia.gob.ec\/ambiente\/wp-json\/wp\/v2\/media?parent=19612"}],"wp:term":[{"taxonomy":"category","embeddable":true,"href":"https:\/\/www.ambienteyenergia.gob.ec\/ambiente\/wp-json\/wp\/v2\/categories?post=19612"},{"taxonomy":"post_tag","embeddable":true,"href":"https:\/\/www.ambienteyenergia.gob.ec\/ambiente\/wp-json\/wp\/v2\/tags?post=19612"}],"curies":[{"name":"wp","href":"https:\/\/api.w.org\/{rel}","templated":true}]}}