{"id":19610,"date":"2014-04-25T21:40:30","date_gmt":"2014-04-26T02:40:30","guid":{"rendered":"http:\/\/www.ambiente.gob.ec\/?p=19610"},"modified":"2014-04-25T21:40:30","modified_gmt":"2014-04-26T02:40:30","slug":"mae-celebra-el-dia-mundial-de-la-madre-tierra-con-varios-actos-en-esmeraldas","status":"publish","type":"post","link":"https:\/\/www.ambienteyenergia.gob.ec\/ambiente\/mae-celebra-el-dia-mundial-de-la-madre-tierra-con-varios-actos-en-esmeraldas\/","title":{"rendered":"MAE celebra el D\u00eda Mundial de la Madre Tierra con varios actos en Esmeraldas"},"content":{"rendered":"<p style=\"text-align: justify;\">El Ministerio del Ambiente (MAE), a trav\u00e9s de la Direcci\u00f3n Provincial de Esmeraldas organiz\u00f3 una casa abierta en el Centro Comercial Multiplaza en coordinaci\u00f3n con el Proyecto de Conciencia Mar\u00edtima y la participaci\u00f3n de j\u00f3venes voluntarios del Servicio Civil Ciudadano de Turismo y la Polic\u00eda Nacional.<\/p>\n<p style=\"text-align: justify;\">El objetivo de esta socializaci\u00f3n fue el de crear conciencia en los ciudadanos sobre nuestro planeta, el mismo que nos proporciona la vida y el sustento a lo largo de nuestra existencia sobre el planeta, en el marco de la conmemoraci\u00f3n del D\u00eda Mundial de la Madre Tierra.<\/p>\n<p style=\"text-align: justify;\">El MAE, adem\u00e1s hizo la entrega de \u00e1rboles para que los asistentes siembren y contribuyan en la recuperaci\u00f3n forestal con la finalidad de contribuir para un Ecuador m\u00e1s Verde. Este evento se desarroll\u00f3 con el eslogan \u201cCiudades Verdes, las especies entregadas fueron laurel, coco y cerezo; especies maderables\u201d.<\/p>\n<p style=\"text-align: justify;\">Asimismo en el sector de Santa Martha barrio colindante al RVS- MERE se realiz\u00f3 el Eco-cine con la proyecci\u00f3n de la pel\u00edcula \u2018Seis grados que pueden cambiar al mundo\u2019 con el prop\u00f3sito de Concienciar a los ni\u00f1os, ni\u00f1as y adolescentes sobre la importancia de cuidar el planeta tierra.<\/p>\n<p>&nbsp;<\/p>\n","protected":false},"excerpt":{"rendered":"<p class=\"excerpt\">El Ministerio del Ambiente (MAE), a trav\u00e9s de la Direcci\u00f3n Provincial de Esmeraldas organiz\u00f3 una casa abierta en el Centro Comercial Multiplaza en coordinaci\u00f3n con el Proyecto de Conciencia Mar\u00edtima y la participaci\u00f3n de j\u00f3venes voluntarios del Servicio Civil Ciudadano de Turismo y la Polic\u00eda Nacional. El objetivo de esta socializaci\u00f3n fue el de crear conciencia en los ciudadanos sobre&hellip; <a href=\"https:\/\/www.ambienteyenergia.gob.ec\/ambiente\/mae-celebra-el-dia-mundial-de-la-madre-tierra-con-varios-actos-en-esmeraldas\/\">Read more &rarr;<\/a><\/p>\n","protected":false},"author":13,"featured_media":19482,"comment_status":"open","ping_status":"open","sticky":false,"template":"","format":"standard","meta":{"footnotes":""},"categories":[16,4],"tags":[463,55,108,53],"class_list":["post-19610","post","type-post","status-publish","format-standard","has-post-thumbnail","hentry","category-comunicamos","category-noticias","tag-dia-internacional-de-la-madre-tierra","tag-esmeraldas","tag-lorena-tapia","tag-mae","xfolkentry"],"_links":{"self":[{"href":"https:\/\/www.ambienteyenergia.gob.ec\/ambiente\/wp-json\/wp\/v2\/posts\/19610","targetHints":{"allow":["GET"]}}],"collection":[{"href":"https:\/\/www.ambienteyenergia.gob.ec\/ambiente\/wp-json\/wp\/v2\/posts"}],"about":[{"href":"https:\/\/www.ambienteyenergia.gob.ec\/ambiente\/wp-json\/wp\/v2\/types\/post"}],"author":[{"embeddable":true,"href":"https:\/\/www.ambienteyenergia.gob.ec\/ambiente\/wp-json\/wp\/v2\/users\/13"}],"replies":[{"embeddable":true,"href":"https:\/\/www.ambienteyenergia.gob.ec\/ambiente\/wp-json\/wp\/v2\/comments?post=19610"}],"version-history":[{"count":0,"href":"https:\/\/www.ambienteyenergia.gob.ec\/ambiente\/wp-json\/wp\/v2\/posts\/19610\/revisions"}],"wp:featuredmedia":[{"embeddable":true,"href":"https:\/\/www.ambienteyenergia.gob.ec\/ambiente\/wp-json\/wp\/v2\/media\/19482"}],"wp:attachment":[{"href":"https:\/\/www.ambienteyenergia.gob.ec\/ambiente\/wp-json\/wp\/v2\/media?parent=19610"}],"wp:term":[{"taxonomy":"category","embeddable":true,"href":"https:\/\/www.ambienteyenergia.gob.ec\/ambiente\/wp-json\/wp\/v2\/categories?post=19610"},{"taxonomy":"post_tag","embeddable":true,"href":"https:\/\/www.ambienteyenergia.gob.ec\/ambiente\/wp-json\/wp\/v2\/tags?post=19610"}],"curies":[{"name":"wp","href":"https:\/\/api.w.org\/{rel}","templated":true}]}}