{"id":19605,"date":"2014-04-25T16:59:49","date_gmt":"2014-04-25T21:59:49","guid":{"rendered":"http:\/\/www.ambiente.gob.ec\/?p=19605"},"modified":"2014-04-25T17:02:38","modified_gmt":"2014-04-25T22:02:38","slug":"sto-domingo-de-los-tsachilas-celebro-el-dia-de-tierra-con-jornada-de-reforestacion","status":"publish","type":"post","link":"https:\/\/www.ambienteyenergia.gob.ec\/ambiente\/sto-domingo-de-los-tsachilas-celebro-el-dia-de-tierra-con-jornada-de-reforestacion\/","title":{"rendered":"Sto. Domingo de los Ts\u00e1chilas celebr\u00f3 el D\u00eda de Tierra con jornada de reforestaci\u00f3n"},"content":{"rendered":"<p style=\"text-align: justify;\">El Ministerio del Ambiente del Ecuador (MAE), a trav\u00e9s de la Direcci\u00f3n Provincial de Santo Domingo de los Ts\u00e1chilas, realiz\u00f3 una jornada de reforestaci\u00f3n en los m\u00e1rgenes de protecci\u00f3n permanente del R\u00edo Pove, en conmemoraci\u00f3n del D\u00eda Internacional de la Madre Tierra.<\/p>\n<p style=\"text-align: justify;\">Esta actividad se ejecut\u00f3 con el apoyo de los j\u00f3venes voluntarios del Proyecto Servicio Civil Ciudadano (SCC), que\u00a0 este 22 y 23 de abril procedieron a sembrar en los predios de la Unidad Educativa Ciudad de Caracas,\u00a0<b>400 plantas<\/b> entre ornamentales y forestales tales como palmas, chisparo y fernan s\u00e1nchez, especies que se desarrollan muy bien en la zona y que contribuir\u00e1n al ornato y generaci\u00f3n de servicios ambientales para la poblaci\u00f3n.<\/p>\n<p style=\"text-align: justify;\">Esta reforestaci\u00f3n la ejecut\u00f3 el <b>MAE<\/b> con el fin de que estas especies vegetales plantadas conserven el suelo y de esta manera evitar desastres naturales a futuro.<\/p>\n","protected":false},"excerpt":{"rendered":"<p class=\"excerpt\">El Ministerio del Ambiente del Ecuador (MAE), a trav\u00e9s de la Direcci\u00f3n Provincial de Santo Domingo de los Ts\u00e1chilas, realiz\u00f3 una jornada de reforestaci\u00f3n en los m\u00e1rgenes de protecci\u00f3n permanente del R\u00edo Pove, en conmemoraci\u00f3n del D\u00eda Internacional de la Madre Tierra. Esta actividad se ejecut\u00f3 con el apoyo de los j\u00f3venes voluntarios del Proyecto Servicio Civil Ciudadano (SCC), que\u00a0&hellip; <a href=\"https:\/\/www.ambienteyenergia.gob.ec\/ambiente\/sto-domingo-de-los-tsachilas-celebro-el-dia-de-tierra-con-jornada-de-reforestacion\/\">Read more &rarr;<\/a><\/p>\n","protected":false},"author":13,"featured_media":19452,"comment_status":"open","ping_status":"open","sticky":false,"template":"","format":"standard","meta":{"footnotes":""},"categories":[16,4],"tags":[],"class_list":["post-19605","post","type-post","status-publish","format-standard","has-post-thumbnail","hentry","category-comunicamos","category-noticias","xfolkentry"],"_links":{"self":[{"href":"https:\/\/www.ambienteyenergia.gob.ec\/ambiente\/wp-json\/wp\/v2\/posts\/19605","targetHints":{"allow":["GET"]}}],"collection":[{"href":"https:\/\/www.ambienteyenergia.gob.ec\/ambiente\/wp-json\/wp\/v2\/posts"}],"about":[{"href":"https:\/\/www.ambienteyenergia.gob.ec\/ambiente\/wp-json\/wp\/v2\/types\/post"}],"author":[{"embeddable":true,"href":"https:\/\/www.ambienteyenergia.gob.ec\/ambiente\/wp-json\/wp\/v2\/users\/13"}],"replies":[{"embeddable":true,"href":"https:\/\/www.ambienteyenergia.gob.ec\/ambiente\/wp-json\/wp\/v2\/comments?post=19605"}],"version-history":[{"count":0,"href":"https:\/\/www.ambienteyenergia.gob.ec\/ambiente\/wp-json\/wp\/v2\/posts\/19605\/revisions"}],"wp:featuredmedia":[{"embeddable":true,"href":"https:\/\/www.ambienteyenergia.gob.ec\/ambiente\/wp-json\/wp\/v2\/media\/19452"}],"wp:attachment":[{"href":"https:\/\/www.ambienteyenergia.gob.ec\/ambiente\/wp-json\/wp\/v2\/media?parent=19605"}],"wp:term":[{"taxonomy":"category","embeddable":true,"href":"https:\/\/www.ambienteyenergia.gob.ec\/ambiente\/wp-json\/wp\/v2\/categories?post=19605"},{"taxonomy":"post_tag","embeddable":true,"href":"https:\/\/www.ambienteyenergia.gob.ec\/ambiente\/wp-json\/wp\/v2\/tags?post=19605"}],"curies":[{"name":"wp","href":"https:\/\/api.w.org\/{rel}","templated":true}]}}