{"id":19601,"date":"2014-04-25T15:51:36","date_gmt":"2014-04-25T20:51:36","guid":{"rendered":"http:\/\/www.ambiente.gob.ec\/?p=19601"},"modified":"2014-04-25T15:51:36","modified_gmt":"2014-04-25T20:51:36","slug":"campana-de-sensibilizacion-con-respecto-al-ruido-conciencio-a-ciudadanos-del-carchi","status":"publish","type":"post","link":"https:\/\/www.ambienteyenergia.gob.ec\/ambiente\/campana-de-sensibilizacion-con-respecto-al-ruido-conciencio-a-ciudadanos-del-carchi\/","title":{"rendered":"Campa\u00f1a de sensibilizaci\u00f3n con respecto al ruido concienci\u00f3 a ciudadanos del Carchi"},"content":{"rendered":"<p style=\"text-align: justify;\">Ayer, en conmemoraci\u00f3n al D\u00eda Internacional de la Conciencia con Respecto al Ruido, el Ministerio del Ambiente del Ecuador (MAE), en coordinaci\u00f3n con voluntarios del Proyecto Servicio Civil Ciudadano (SCC), realiz\u00f3 una campa\u00f1a de sensibilizaci\u00f3n en puntos estrat\u00e9gicos de la ciudad de Tulc\u00e1n, provincia del Carchi. El objetivo fue dar a conocer los efectos perjudiciales del ruido excesivo y promover buenas pr\u00e1cticas ambientales.<\/p>\n<p style=\"text-align: justify;\">Entre las instituciones educativas capacitadas estaban los colegios Tulc\u00e1n y Bol\u00edvar. Asimismo, se imparti\u00f3 varios talleres a moradores del Parque Central de Tulc\u00e1n, Puente Internacional de Rumichaca y Obelisco de Tulc\u00e1n.<\/p>\n<p style=\"text-align: justify;\">De la misma forma, t\u00e9cnicos del MAE y j\u00f3venes del SCC se disfrazaron de diferentes personajes para sensibilizar a la ciudadan\u00eda a trav\u00e9s de actividades l\u00fadicas y pancartas \u00a0que alertaban a los ciudadanos de los desequilibrios que puede causar este fen\u00f3meno, as\u00ed como las enfermedades que conlleva.<\/p>\n<p style=\"text-align: justify;\">Finalmente, se dieron tips para reducir el ruido y as\u00ed lograr una armon\u00eda entre seres humanos y naturaleza.<\/p>\n","protected":false},"excerpt":{"rendered":"<p class=\"excerpt\">Ayer, en conmemoraci\u00f3n al D\u00eda Internacional de la Conciencia con Respecto al Ruido, el Ministerio del Ambiente del Ecuador (MAE), en coordinaci\u00f3n con voluntarios del Proyecto Servicio Civil Ciudadano (SCC), realiz\u00f3 una campa\u00f1a de sensibilizaci\u00f3n en puntos estrat\u00e9gicos de la ciudad de Tulc\u00e1n, provincia del Carchi. El objetivo fue dar a conocer los efectos perjudiciales del ruido excesivo y promover&hellip; <a href=\"https:\/\/www.ambienteyenergia.gob.ec\/ambiente\/campana-de-sensibilizacion-con-respecto-al-ruido-conciencio-a-ciudadanos-del-carchi\/\">Read more &rarr;<\/a><\/p>\n","protected":false},"author":13,"featured_media":19602,"comment_status":"open","ping_status":"open","sticky":false,"template":"","format":"standard","meta":{"footnotes":""},"categories":[16,4],"tags":[],"class_list":["post-19601","post","type-post","status-publish","format-standard","has-post-thumbnail","hentry","category-comunicamos","category-noticias","xfolkentry"],"_links":{"self":[{"href":"https:\/\/www.ambienteyenergia.gob.ec\/ambiente\/wp-json\/wp\/v2\/posts\/19601","targetHints":{"allow":["GET"]}}],"collection":[{"href":"https:\/\/www.ambienteyenergia.gob.ec\/ambiente\/wp-json\/wp\/v2\/posts"}],"about":[{"href":"https:\/\/www.ambienteyenergia.gob.ec\/ambiente\/wp-json\/wp\/v2\/types\/post"}],"author":[{"embeddable":true,"href":"https:\/\/www.ambienteyenergia.gob.ec\/ambiente\/wp-json\/wp\/v2\/users\/13"}],"replies":[{"embeddable":true,"href":"https:\/\/www.ambienteyenergia.gob.ec\/ambiente\/wp-json\/wp\/v2\/comments?post=19601"}],"version-history":[{"count":0,"href":"https:\/\/www.ambienteyenergia.gob.ec\/ambiente\/wp-json\/wp\/v2\/posts\/19601\/revisions"}],"wp:featuredmedia":[{"embeddable":true,"href":"https:\/\/www.ambienteyenergia.gob.ec\/ambiente\/wp-json\/wp\/v2\/media\/19602"}],"wp:attachment":[{"href":"https:\/\/www.ambienteyenergia.gob.ec\/ambiente\/wp-json\/wp\/v2\/media?parent=19601"}],"wp:term":[{"taxonomy":"category","embeddable":true,"href":"https:\/\/www.ambienteyenergia.gob.ec\/ambiente\/wp-json\/wp\/v2\/categories?post=19601"},{"taxonomy":"post_tag","embeddable":true,"href":"https:\/\/www.ambienteyenergia.gob.ec\/ambiente\/wp-json\/wp\/v2\/tags?post=19601"}],"curies":[{"name":"wp","href":"https:\/\/api.w.org\/{rel}","templated":true}]}}