{"id":19598,"date":"2014-04-25T14:45:36","date_gmt":"2014-04-25T19:45:36","guid":{"rendered":"http:\/\/www.ambiente.gob.ec\/?p=19598"},"modified":"2014-05-02T11:14:36","modified_gmt":"2014-05-02T16:14:36","slug":"mae-rescato-alrededor-de-86-especimenes-de-vida-silvestre-en-esmeraldas","status":"publish","type":"post","link":"https:\/\/www.ambienteyenergia.gob.ec\/ambiente\/mae-rescato-alrededor-de-86-especimenes-de-vida-silvestre-en-esmeraldas\/","title":{"rendered":"MAE rescat\u00f3 a 87 espec\u00edmenes de vida silvestre en Esmeraldas"},"content":{"rendered":"<p style=\"text-align: justify;\">El Ministerio del Ambiente del Ecuador (MAE), en coordinaci\u00f3n con la Unidad de Protecci\u00f3n del Medio Ambiente (UPMA) de la Polic\u00eda Nacional, las Fuerzas Armadas de Ecuador y la Fiscal\u00eda Provincial; logr\u00f3 liberar a cerca de 87 espec\u00edmenes de vida silvestre que se encontraban en condiciones inadecuadas, en la Universidad Lu\u00eds Vargas Torres de la provincia de Esmeraldas.<\/p>\n<p style=\"text-align: justify;\">El operativo, que dur\u00f3 aproximadamente cuatro horas, cont\u00f3 con la presencia de t\u00e9cnicos del MAE, adem\u00e1s de veterinarios voluntarios del zool\u00f3gico de Guayllabamba, quienes colaboraron en el rescate. Cabe se\u00f1alar, que no hubieron inconvenientes, pues se comprendi\u00f3 que lo mejor para las especies es que permanezcan en un lugar m\u00e1s acorde a su h\u00e1bitat.<\/p>\n<p style=\"text-align: justify;\">Entre los animales decomisados \u00a0est\u00e1n cinco caimanes j\u00f3venes\/adultos, 10 caimanes neonatos, un cocodrilo hembra, alrededor de 68 tortugas de varias especies, una tortuga gigante gal\u00e1pagos, un mono capuchino y una boa constrictor. Luego de una valoraci\u00f3n t\u00e9cnica, se determin\u00f3 que los ejemplares tienen un estado de salud estable, por lo cual no fue necesaria una intervenci\u00f3n m\u00e9dica.<\/p>\n<p style=\"text-align: justify;\">\u00abLos animales tienen un buen estado de salud, pero el espacio en el que se encontraban no era el m\u00e1s adecuado para ellos\u00bb, asegur\u00f3 Teresa Alvear, veterinaria del Zool\u00f3gico de Guayllabamba.<\/p>\n<p style=\"text-align: justify;\">Hoy, el MAE traslad\u00f3 a los animales al Centro de Tenencia de Vida Silvestre San Isidro, ubicado en la provincia del Guayas, donde contar\u00e1n con los cuidados necesarios para su desarrollo y posterior liberaci\u00f3n, luego de un an\u00e1lisis de su comportamiento y evoluci\u00f3n. Por otra parte, el cocodrilo hembra se unir\u00e1 a los 11 reptiles que habitan en Isla Santay.<\/p>\n<p style=\"text-align: justify;\">Todos los espec\u00edmenes de vida silvestre fueron movilizados, cumpliendo as\u00ed con las normas y procedimientos establecidos en el reglamento de cuidado y protecci\u00f3n de Vida Silvestre, implementado por esta Cartera de Estado.<\/p>\n<p style=\"text-align: justify;\">El denominado Jard\u00edn Bot\u00e1nico, de la universidad, donde permanec\u00edan las especies, no contaba con los permisos correspondientes para la tenencia en cautiverio. Asimismo, este centro no ten\u00eda la PATENTE emitida por el Ministerio del Ambiente, que autoriza la tenencia de estos espec\u00edmenes.<\/p>\n<p style=\"text-align: justify;\"><strong>Cronolog\u00eda<\/strong><br \/>\n<strong> \u00a0<\/strong><br \/>\nDesde el a\u00f1o 2012, la Direcci\u00f3n Provincial del Ambiente de Esmeraldas ha realizado permanentes inspecciones de seguimiento al jard\u00edn Bot\u00e1nico de la Universidad Luis Vargas Torres, con la finalidad de verificar que los espec\u00edmenes de vida silvestre, que se encuentran en el mismo, cuenten con las condiciones necesarias para su supervivencia.<\/p>\n<p style=\"text-align: justify;\">El 11 de marzo del 2013, se realiz\u00f3 la visita a este lugar para proceder con la evaluaci\u00f3n del mismo. Esta evaluaci\u00f3n se la ejecut\u00f3 utilizando la MATRIZ PARA LA CALIFICACI\u00d3N DE UNIDADES DE MANEJO Y TENENCIA DE FAUNA SILVESTRE, en la cual el centro obtuvo una calificaci\u00f3n de 42,3 puntos (MALO).<\/p>\n","protected":false},"excerpt":{"rendered":"<p class=\"excerpt\">El Ministerio del Ambiente del Ecuador (MAE), en coordinaci\u00f3n con la Unidad de Protecci\u00f3n del Medio Ambiente (UPMA) de la Polic\u00eda Nacional, las Fuerzas Armadas de Ecuador y la Fiscal\u00eda Provincial; logr\u00f3 liberar a cerca de 87 espec\u00edmenes de vida silvestre que se encontraban en condiciones inadecuadas, en la Universidad Lu\u00eds Vargas Torres de la provincia de Esmeraldas. El operativo,&hellip; <a href=\"https:\/\/www.ambienteyenergia.gob.ec\/ambiente\/mae-rescato-alrededor-de-86-especimenes-de-vida-silvestre-en-esmeraldas\/\">Read more &rarr;<\/a><\/p>\n","protected":false},"author":13,"featured_media":19599,"comment_status":"open","ping_status":"open","sticky":false,"template":"","format":"standard","meta":{"footnotes":""},"categories":[16,4],"tags":[],"class_list":["post-19598","post","type-post","status-publish","format-standard","has-post-thumbnail","hentry","category-comunicamos","category-noticias","xfolkentry"],"_links":{"self":[{"href":"https:\/\/www.ambienteyenergia.gob.ec\/ambiente\/wp-json\/wp\/v2\/posts\/19598","targetHints":{"allow":["GET"]}}],"collection":[{"href":"https:\/\/www.ambienteyenergia.gob.ec\/ambiente\/wp-json\/wp\/v2\/posts"}],"about":[{"href":"https:\/\/www.ambienteyenergia.gob.ec\/ambiente\/wp-json\/wp\/v2\/types\/post"}],"author":[{"embeddable":true,"href":"https:\/\/www.ambienteyenergia.gob.ec\/ambiente\/wp-json\/wp\/v2\/users\/13"}],"replies":[{"embeddable":true,"href":"https:\/\/www.ambienteyenergia.gob.ec\/ambiente\/wp-json\/wp\/v2\/comments?post=19598"}],"version-history":[{"count":0,"href":"https:\/\/www.ambienteyenergia.gob.ec\/ambiente\/wp-json\/wp\/v2\/posts\/19598\/revisions"}],"wp:featuredmedia":[{"embeddable":true,"href":"https:\/\/www.ambienteyenergia.gob.ec\/ambiente\/wp-json\/wp\/v2\/media\/19599"}],"wp:attachment":[{"href":"https:\/\/www.ambienteyenergia.gob.ec\/ambiente\/wp-json\/wp\/v2\/media?parent=19598"}],"wp:term":[{"taxonomy":"category","embeddable":true,"href":"https:\/\/www.ambienteyenergia.gob.ec\/ambiente\/wp-json\/wp\/v2\/categories?post=19598"},{"taxonomy":"post_tag","embeddable":true,"href":"https:\/\/www.ambienteyenergia.gob.ec\/ambiente\/wp-json\/wp\/v2\/tags?post=19598"}],"curies":[{"name":"wp","href":"https:\/\/api.w.org\/{rel}","templated":true}]}}