{"id":19594,"date":"2014-04-25T14:16:54","date_gmt":"2014-04-25T19:16:54","guid":{"rendered":"http:\/\/www.ambiente.gob.ec\/?p=19594"},"modified":"2014-04-25T17:06:28","modified_gmt":"2014-04-25T22:06:28","slug":"300-personas-fueron-capacitadas-en-temas-ambientales-en-i-feria-interinstitucional-regional-agropecuaria","status":"publish","type":"post","link":"https:\/\/www.ambienteyenergia.gob.ec\/ambiente\/300-personas-fueron-capacitadas-en-temas-ambientales-en-i-feria-interinstitucional-regional-agropecuaria\/","title":{"rendered":"300 personas fueron capacitadas en temas ambientales en I Feria Interinstitucional Regional Agropecuaria"},"content":{"rendered":"<p style=\"text-align: justify;\">La Direcci\u00f3n Provincial del Ambiente de Imbabura y voluntarios del proyecto Servicio Civil Ciudadano participaron en la Primera Feria Interinstitucional Regional Agropecuaria que se desarroll\u00f3 el 24 y 25 de abril, en la Unidad Educativa Carlos Ubidia Albuja, donde se capacit\u00f3 a cerca de 300 personas del sector de Otavalo.<\/p>\n<p style=\"text-align: justify;\">La feria tiene como objetivo el encuentro de estudiantes, instituciones p\u00fablicas y privadas para exponer los adelantos tecnol\u00f3gicos, artesanales y culturales basados en Soberan\u00eda y Seguridad alimentaria dentro del Plan del Buen Vivir.<\/p>\n<p style=\"text-align: justify;\">Para ello, el MAE present\u00f3 un stand en que difundi\u00f3 proyectos como Socio Boque y su programa de incentivos. Adicionalmente, t\u00e9cnicos de esta Cartera de Estado impartieron mensajes de concienciaci\u00f3n ambiental, a trav\u00e9s de actividades l\u00fadicas como rompecabezas.<\/p>\n<p style=\"text-align: justify;\">Como parte de este evento, se realiz\u00f3 la entrega de 100 \u00e1rboles a la comunidad, comprometi\u00e9ndolos a conservar el ambiente.<\/p>\n","protected":false},"excerpt":{"rendered":"<p class=\"excerpt\">La Direcci\u00f3n Provincial del Ambiente de Imbabura y voluntarios del proyecto Servicio Civil Ciudadano participaron en la Primera Feria Interinstitucional Regional Agropecuaria que se desarroll\u00f3 el 24 y 25 de abril, en la Unidad Educativa Carlos Ubidia Albuja, donde se capacit\u00f3 a cerca de 300 personas del sector de Otavalo. La feria tiene como objetivo el encuentro de estudiantes, instituciones&hellip; <a href=\"https:\/\/www.ambienteyenergia.gob.ec\/ambiente\/300-personas-fueron-capacitadas-en-temas-ambientales-en-i-feria-interinstitucional-regional-agropecuaria\/\">Read more &rarr;<\/a><\/p>\n","protected":false},"author":13,"featured_media":19595,"comment_status":"open","ping_status":"open","sticky":false,"template":"","format":"standard","meta":{"footnotes":""},"categories":[16,4],"tags":[],"class_list":["post-19594","post","type-post","status-publish","format-standard","has-post-thumbnail","hentry","category-comunicamos","category-noticias","xfolkentry"],"_links":{"self":[{"href":"https:\/\/www.ambienteyenergia.gob.ec\/ambiente\/wp-json\/wp\/v2\/posts\/19594","targetHints":{"allow":["GET"]}}],"collection":[{"href":"https:\/\/www.ambienteyenergia.gob.ec\/ambiente\/wp-json\/wp\/v2\/posts"}],"about":[{"href":"https:\/\/www.ambienteyenergia.gob.ec\/ambiente\/wp-json\/wp\/v2\/types\/post"}],"author":[{"embeddable":true,"href":"https:\/\/www.ambienteyenergia.gob.ec\/ambiente\/wp-json\/wp\/v2\/users\/13"}],"replies":[{"embeddable":true,"href":"https:\/\/www.ambienteyenergia.gob.ec\/ambiente\/wp-json\/wp\/v2\/comments?post=19594"}],"version-history":[{"count":0,"href":"https:\/\/www.ambienteyenergia.gob.ec\/ambiente\/wp-json\/wp\/v2\/posts\/19594\/revisions"}],"wp:featuredmedia":[{"embeddable":true,"href":"https:\/\/www.ambienteyenergia.gob.ec\/ambiente\/wp-json\/wp\/v2\/media\/19595"}],"wp:attachment":[{"href":"https:\/\/www.ambienteyenergia.gob.ec\/ambiente\/wp-json\/wp\/v2\/media?parent=19594"}],"wp:term":[{"taxonomy":"category","embeddable":true,"href":"https:\/\/www.ambienteyenergia.gob.ec\/ambiente\/wp-json\/wp\/v2\/categories?post=19594"},{"taxonomy":"post_tag","embeddable":true,"href":"https:\/\/www.ambienteyenergia.gob.ec\/ambiente\/wp-json\/wp\/v2\/tags?post=19594"}],"curies":[{"name":"wp","href":"https:\/\/api.w.org\/{rel}","templated":true}]}}