{"id":19590,"date":"2014-04-25T12:13:37","date_gmt":"2014-04-25T17:13:37","guid":{"rendered":"http:\/\/www.ambiente.gob.ec\/?p=19590"},"modified":"2014-04-25T12:18:19","modified_gmt":"2014-04-25T17:18:19","slug":"cientificos-visitantes-aportan-a-la-conservacion-de-las-areas-protegidas","status":"publish","type":"post","link":"https:\/\/www.ambienteyenergia.gob.ec\/ambiente\/cientificos-visitantes-aportan-a-la-conservacion-de-las-areas-protegidas\/","title":{"rendered":"Cient\u00edficos visitantes aportan a la conservaci\u00f3n de las \u00e1reas protegidas"},"content":{"rendered":"<p style=\"text-align: justify;\"><em>Desde hace m\u00e1s de tres d\u00e9cada la Direcci\u00f3n del Parque Nacional Gal\u00e1pagos del Ministerio del Ambiente sustenta parte de su trabajo en las investigaciones de los expertos.<\/em><\/p>\n<p style=\"text-align: justify;\">El Ministerio del Ambiente del Ecuador, a trav\u00e9s de la Direcci\u00f3n del Parque Nacional Gal\u00e1pagos (DPNG), recibe anualmente, el apoyo de cient\u00edficos visitantes que realizan diferentes estudios dentro de las \u00e1reas protegidas de Gal\u00e1pagos, las que se convierten en una importante herramienta para la toma de acciones de manejo para la conservaci\u00f3n del archipi\u00e9lago.<\/p>\n<p style=\"text-align: justify;\">Desde hace m\u00e1s de tres d\u00e9cadas, la autoridad ambiental auspicia los estudios cient\u00edficos de los m\u00e1s importantes expertos mundiales en una gran variedad de temas de investigaci\u00f3n dentro de las \u00e1reas protegidas de Gal\u00e1pagos. Actualmente, son un promedio de 60 investigaciones anuales las que se realizan en las islas.<\/p>\n<p style=\"text-align: justify;\">Una de las \u00faltimas investigaciones es la desarrollada por el cient\u00edfico David Anderson, de la Wake Forest University &#8211; Salem, de Estados Unidos, que por tres a\u00f1os monitore\u00f3 y estudio los piqueros patas azules, demostrando una disminuci\u00f3n de su poblaci\u00f3n, debido a una baja reproducci\u00f3n de la especie. Los resultados preliminares del estudio determinan como la posible causa de la baja reproducci\u00f3n de piqueros, la escasez de sardinas. La afectaci\u00f3n por especies introducidas fue descartada por el cient\u00edfico debido a que existen islas sin presencia de \u00e9stas, que presentan la misma baja.<\/p>\n<p style=\"text-align: justify;\">Los t\u00e9cnicos de la DPNG sostienen que la escasez de sardinas, parte fundamental de la dieta de los piqueros, se debe a razones que est\u00e1n fuera de las fronteras del Estado ecuatoriano y del \u00e1rea protegida.<\/p>\n<p style=\"text-align: justify;\">Los resultados permiten incrementar el esfuerzo de monitoreo y estar alertas para implementar medidas adicionales de protecci\u00f3n a las ya existentes: control de especies introducidas, mitigaci\u00f3n de impactos por visitantes y prevenci\u00f3n por medio de controles de bioseguridad.<\/p>\n<p style=\"text-align: justify;\">Cient\u00edficos de todas las partes mundo, centran sus ojos en Gal\u00e1pagos como un laboratorio viviente para el desarrollo de proyectos cient\u00edficos, que permiten la implementaci\u00f3n de nuevas t\u00e9cnicas de investigaci\u00f3n aplicada. Los temas m\u00e1s investigados son los relacionados a las aves marinas, aves terrestres, reptiles y especies introducidas.<\/p>\n<p style=\"text-align: justify;\">El Parque Nacional Gal\u00e1pagos se caracteriza por contar con estudios cient\u00edficos de muy alto nivel que permiten contar con informaci\u00f3n validada sobre el estado de conservaci\u00f3n de la biodiversidad del Archipi\u00e9lago, adem\u00e1s, facilitan la generaci\u00f3n de pol\u00edticas p\u00fablicas y la toma de decisiones acertadas para la protecci\u00f3n de su biodiversidad.<\/p>\n<p>&nbsp;<\/p>\n<p>&nbsp;<\/p>\n","protected":false},"excerpt":{"rendered":"<p class=\"excerpt\">Desde hace m\u00e1s de tres d\u00e9cada la Direcci\u00f3n del Parque Nacional Gal\u00e1pagos del Ministerio del Ambiente sustenta parte de su trabajo en las investigaciones de los expertos. El Ministerio del Ambiente del Ecuador, a trav\u00e9s de la Direcci\u00f3n del Parque Nacional Gal\u00e1pagos (DPNG), recibe anualmente, el apoyo de cient\u00edficos visitantes que realizan diferentes estudios dentro de las \u00e1reas protegidas de&hellip; <a href=\"https:\/\/www.ambienteyenergia.gob.ec\/ambiente\/cientificos-visitantes-aportan-a-la-conservacion-de-las-areas-protegidas\/\">Read more &rarr;<\/a><\/p>\n","protected":false},"author":13,"featured_media":19591,"comment_status":"open","ping_status":"open","sticky":false,"template":"","format":"standard","meta":{"footnotes":""},"categories":[16,4],"tags":[477,56,108,53,54,476],"class_list":["post-19590","post","type-post","status-publish","format-standard","has-post-thumbnail","hentry","category-comunicamos","category-noticias","tag-cientificos","tag-galapagos","tag-lorena-tapia","tag-mae","tag-ministerio-del-ambiente","tag-piqueros","xfolkentry"],"_links":{"self":[{"href":"https:\/\/www.ambienteyenergia.gob.ec\/ambiente\/wp-json\/wp\/v2\/posts\/19590","targetHints":{"allow":["GET"]}}],"collection":[{"href":"https:\/\/www.ambienteyenergia.gob.ec\/ambiente\/wp-json\/wp\/v2\/posts"}],"about":[{"href":"https:\/\/www.ambienteyenergia.gob.ec\/ambiente\/wp-json\/wp\/v2\/types\/post"}],"author":[{"embeddable":true,"href":"https:\/\/www.ambienteyenergia.gob.ec\/ambiente\/wp-json\/wp\/v2\/users\/13"}],"replies":[{"embeddable":true,"href":"https:\/\/www.ambienteyenergia.gob.ec\/ambiente\/wp-json\/wp\/v2\/comments?post=19590"}],"version-history":[{"count":0,"href":"https:\/\/www.ambienteyenergia.gob.ec\/ambiente\/wp-json\/wp\/v2\/posts\/19590\/revisions"}],"wp:featuredmedia":[{"embeddable":true,"href":"https:\/\/www.ambienteyenergia.gob.ec\/ambiente\/wp-json\/wp\/v2\/media\/19591"}],"wp:attachment":[{"href":"https:\/\/www.ambienteyenergia.gob.ec\/ambiente\/wp-json\/wp\/v2\/media?parent=19590"}],"wp:term":[{"taxonomy":"category","embeddable":true,"href":"https:\/\/www.ambienteyenergia.gob.ec\/ambiente\/wp-json\/wp\/v2\/categories?post=19590"},{"taxonomy":"post_tag","embeddable":true,"href":"https:\/\/www.ambienteyenergia.gob.ec\/ambiente\/wp-json\/wp\/v2\/tags?post=19590"}],"curies":[{"name":"wp","href":"https:\/\/api.w.org\/{rel}","templated":true}]}}