{"id":19584,"date":"2014-04-25T10:50:49","date_gmt":"2014-04-25T15:50:49","guid":{"rendered":"http:\/\/www.ambiente.gob.ec\/?p=19584"},"modified":"2014-04-25T10:50:49","modified_gmt":"2014-04-25T15:50:49","slug":"mae-inicia-talleres-para-la-revision-de-la-guia-de-consulta-o-negociacion-para-la-implementacion-de-iniciativas-redd-en-territorios-de-pueblos-indigenas-y-comunidades-locales","status":"publish","type":"post","link":"https:\/\/www.ambienteyenergia.gob.ec\/ambiente\/mae-inicia-talleres-para-la-revision-de-la-guia-de-consulta-o-negociacion-para-la-implementacion-de-iniciativas-redd-en-territorios-de-pueblos-indigenas-y-comunidades-locales\/","title":{"rendered":"MAE inicia talleres para la revisi\u00f3n de la Gu\u00eda de consulta o negociaci\u00f3n para la implementaci\u00f3n de iniciativas REDD+ en territorios de pueblos ind\u00edgenas y comunidades locales"},"content":{"rendered":"<p style=\"text-align: justify;\">El Ministerio del Ambiente (MAE), a trav\u00e9s de la Subsecretar\u00eda de Cambio Clim\u00e1tico y con el apoyo t\u00e9cnico del Programa Nacional Conjunto ONU-REDD, inici\u00f3 varios talleres a nivel regional para la revisi\u00f3n de la gu\u00eda de Consulta o Negociaci\u00f3n de iniciativas REDD+ en Ecuador. El primero de ellos, se realiz\u00f3 los d\u00edas 21, 22 y 23 de abril de 2014 en la ciudad de Lago Agrio, provincia de Sucumb\u00edos.<\/p>\n<p style=\"text-align: justify;\">Estos talleres tienen como objetivo lograr que los participantes conozcan y analicen la Gu\u00eda para la Consulta o Negociaci\u00f3n de iniciativas REDD+ y que puedan generar recomendaciones con miras a contar con una gu\u00eda adecuada a las realidades locales.<\/p>\n<p style=\"text-align: justify;\">Uno de los aspectos centrales de este proceso es promover la implementaci\u00f3n de actividades REDD+ de alta calidad y contar con directrices nacionales que garanticen que REDD+ se implemente en un marco de respeto de derechos humanos de los pueblos y nacionalidades que viven y dependen de los bosques.<\/p>\n<p style=\"text-align: justify;\">Es importante recordar que el pasado 12 de diciembre de 2013, el Ministerio del Ambiente emiti\u00f3 el Acuerdo Ministerial No. 128, el cual oficializ\u00f3 la Gu\u00eda sobre los requisitos y procedimientos para el proceso de Consulta o Negociaci\u00f3n, para la implementaci\u00f3n de actividades o proyectos REDD+ en tierras o territorios de comunidades, comunas, pueblos y nacionalidades ind\u00edgenas, montubias, afroecuatorianas y otros colectivos que dependen de los recursos de los bosques para su subsistencia, la cual es sujeta a revisi\u00f3n en los talleres en menci\u00f3n.<\/p>\n<p style=\"text-align: justify;\">Para mayor informaci\u00f3n pueden comunicarse con Mar\u00eda Del Carmen Garc\u00eda (maria.garcia@ambiente.gob.ec) o con Bel\u00e9n Cordovez (mbcordovez@yahoo.com).<\/p>\n<p>&nbsp;<\/p>\n","protected":false},"excerpt":{"rendered":"<p class=\"excerpt\">El Ministerio del Ambiente (MAE), a trav\u00e9s de la Subsecretar\u00eda de Cambio Clim\u00e1tico y con el apoyo t\u00e9cnico del Programa Nacional Conjunto ONU-REDD, inici\u00f3 varios talleres a nivel regional para la revisi\u00f3n de la gu\u00eda de Consulta o Negociaci\u00f3n de iniciativas REDD+ en Ecuador. El primero de ellos, se realiz\u00f3 los d\u00edas 21, 22 y 23 de abril de 2014&hellip; <a href=\"https:\/\/www.ambienteyenergia.gob.ec\/ambiente\/mae-inicia-talleres-para-la-revision-de-la-guia-de-consulta-o-negociacion-para-la-implementacion-de-iniciativas-redd-en-territorios-de-pueblos-indigenas-y-comunidades-locales\/\">Read more &rarr;<\/a><\/p>\n","protected":false},"author":13,"featured_media":19585,"comment_status":"open","ping_status":"open","sticky":false,"template":"","format":"standard","meta":{"footnotes":""},"categories":[16,4],"tags":[133,108,53,54,354],"class_list":["post-19584","post","type-post","status-publish","format-standard","has-post-thumbnail","hentry","category-comunicamos","category-noticias","tag-cambio-climatico","tag-lorena-tapia","tag-mae","tag-ministerio-del-ambiente","tag-redd","xfolkentry"],"_links":{"self":[{"href":"https:\/\/www.ambienteyenergia.gob.ec\/ambiente\/wp-json\/wp\/v2\/posts\/19584","targetHints":{"allow":["GET"]}}],"collection":[{"href":"https:\/\/www.ambienteyenergia.gob.ec\/ambiente\/wp-json\/wp\/v2\/posts"}],"about":[{"href":"https:\/\/www.ambienteyenergia.gob.ec\/ambiente\/wp-json\/wp\/v2\/types\/post"}],"author":[{"embeddable":true,"href":"https:\/\/www.ambienteyenergia.gob.ec\/ambiente\/wp-json\/wp\/v2\/users\/13"}],"replies":[{"embeddable":true,"href":"https:\/\/www.ambienteyenergia.gob.ec\/ambiente\/wp-json\/wp\/v2\/comments?post=19584"}],"version-history":[{"count":0,"href":"https:\/\/www.ambienteyenergia.gob.ec\/ambiente\/wp-json\/wp\/v2\/posts\/19584\/revisions"}],"wp:featuredmedia":[{"embeddable":true,"href":"https:\/\/www.ambienteyenergia.gob.ec\/ambiente\/wp-json\/wp\/v2\/media\/19585"}],"wp:attachment":[{"href":"https:\/\/www.ambienteyenergia.gob.ec\/ambiente\/wp-json\/wp\/v2\/media?parent=19584"}],"wp:term":[{"taxonomy":"category","embeddable":true,"href":"https:\/\/www.ambienteyenergia.gob.ec\/ambiente\/wp-json\/wp\/v2\/categories?post=19584"},{"taxonomy":"post_tag","embeddable":true,"href":"https:\/\/www.ambienteyenergia.gob.ec\/ambiente\/wp-json\/wp\/v2\/tags?post=19584"}],"curies":[{"name":"wp","href":"https:\/\/api.w.org\/{rel}","templated":true}]}}