{"id":19581,"date":"2014-04-25T10:37:06","date_gmt":"2014-04-25T15:37:06","guid":{"rendered":"http:\/\/www.ambiente.gob.ec\/?p=19581"},"modified":"2014-04-25T10:37:06","modified_gmt":"2014-04-25T15:37:06","slug":"mae-participo-en-el-primer-encuentro-trinacional-de-formalizacion-de-la-mineria-artesanal-colombia-ecuador-peru","status":"publish","type":"post","link":"https:\/\/www.ambienteyenergia.gob.ec\/ambiente\/mae-participo-en-el-primer-encuentro-trinacional-de-formalizacion-de-la-mineria-artesanal-colombia-ecuador-peru\/","title":{"rendered":"MAE particip\u00f3 en el Primer Encuentro Trinacional de Formalizaci\u00f3n de la Miner\u00eda Artesanal  Colombia \u2013 Ecuador \u2013 Per\u00fa"},"content":{"rendered":"<p style=\"text-align: justify;\">Delegaciones de alto nivel de Colombia, Ecuador y Per\u00fa participaron ayer en el Primer Encuentro Trinacional de Formalizaci\u00f3n de la Miner\u00eda Artesanal, que se llev\u00f3 a cabo en el Centro de Convenciones Telef\u00e9rico de Quito, en cumplimiento al compromiso No. 80 de la Declaraci\u00f3n Presidencial Ecuador \u2013 Per\u00fa, de Piura, realizado el 14 de noviembre del 2013.<\/p>\n<p style=\"text-align: justify;\">En el primer d\u00eda de encuentro, expertos y t\u00e9cnicos de los tres pa\u00edses realizaron exposiciones y foros relacionados con la situaci\u00f3n de la miner\u00eda artesanal formal, informal e ilegal; regularizaci\u00f3n de la miner\u00eda artesanal y procesos de rehabilitaci\u00f3n ambiental.<\/p>\n<p style=\"text-align: justify;\">Durante el bloque de exposiciones sobre \u201cProcesos de rehabilitaci\u00f3n ambiental\u201d particip\u00f3 Marcelo D\u00edaz, Coordinador T\u00e9cnico de la Unidad de Miner\u00eda Ilegal del Programa de Reparaci\u00f3n Ambiental y Social (PRAS) del Ministerio del Ambiente del Ecuador (MAE), con su ponencia \u201cRehabilitaci\u00f3n ambiental y peritos ambientales\u201d en la que explic\u00f3 la coordinaci\u00f3n que existe entre el MAE y otras instituciones competentes para realizar investigaciones en diferentes sectores en los que opera la miner\u00eda ilegal, la consecuente determinaci\u00f3n de delitos, los costos y el seguimiento que se realiza en cada caso para lograr la reparaci\u00f3n de las zonas afectadas.<\/p>\n<p style=\"text-align: justify;\">\n<p style=\"text-align: justify;\">Sobre el mismo tema, V\u00edctor Vargas, Asesor del Viceministerio de Minas de Per\u00fa, revel\u00f3 los impactos ambientales, las estrategias de mitigaci\u00f3n y el costo que representa para el gobierno peruano la recuperaci\u00f3n del suelo de las zonas afectadas por la miner\u00eda ilegal.<\/p>\n<p style=\"text-align: justify;\">Y para finalizar el bloque, Magaly Holgu\u00edn, representante de la Direcci\u00f3n de Asuntos Ambientales del Ministerio del Ambiente y Desarrollo Social de Colombia, se refiri\u00f3 a la agenda interministerial ambiental para la miner\u00eda que existe entre los ministerios de Ambiente y Energ\u00eda dentro de la que se establecen varios ejes de acci\u00f3n y metas para el a\u00f1o 2018, como la reducci\u00f3n de mercurio en el sector minero para 5 a\u00f1os, implementaci\u00f3n de estrategias para la erradicaci\u00f3n de la liberaci\u00f3n de mercurio y gesti\u00f3n ambiental segura de sustancias qu\u00edmicas para la miner\u00eda, fortalecimiento de la gesti\u00f3n minero-ambiental en el cierre de proyectos mineros, entre otros.<\/p>\n<p style=\"text-align: justify;\">Estas mesas de di\u00e1logo se ejecutaron con el fin de elaborar un Plan Trinacional de Trabajo para enfrentar la problem\u00e1tica de la miner\u00eda ilegal. Se espera realizar nuevos encuentros en Colombia y Per\u00fa.<\/p>\n<p style=\"text-align: justify;\"><strong>El dato<\/strong><\/p>\n<p style=\"text-align: justify;\">A trav\u00e9s del compromiso No. 80, se propone que las autoridades competentes en materia de ambiente, miner\u00eda y defensa deben propiciar el an\u00e1lisis de la problem\u00e1tica de la miner\u00eda ilegal para proponer conceptos y un plan de trabajo conjunto sobre:<\/p>\n<p>a) Categor\u00edas de las actividades mineras,<br \/>\nb) Tipos de maquinaria y equipamiento permitido en la miner\u00eda aluvial,<br \/>\nc) Protocolos conjuntos para la interdicci\u00f3n de la miner\u00eda ilegal, y<br \/>\nd) Otras acciones colaborativas e intercambio de informaci\u00f3n y de experiencias.<\/p>\n<p>&nbsp;<\/p>\n","protected":false},"excerpt":{"rendered":"<p class=\"excerpt\">Delegaciones de alto nivel de Colombia, Ecuador y Per\u00fa participaron ayer en el Primer Encuentro Trinacional de Formalizaci\u00f3n de la Miner\u00eda Artesanal, que se llev\u00f3 a cabo en el Centro de Convenciones Telef\u00e9rico de Quito, en cumplimiento al compromiso No. 80 de la Declaraci\u00f3n Presidencial Ecuador \u2013 Per\u00fa, de Piura, realizado el 14 de noviembre del 2013. En el primer&hellip; <a href=\"https:\/\/www.ambienteyenergia.gob.ec\/ambiente\/mae-participo-en-el-primer-encuentro-trinacional-de-formalizacion-de-la-mineria-artesanal-colombia-ecuador-peru\/\">Read more &rarr;<\/a><\/p>\n","protected":false},"author":13,"featured_media":19582,"comment_status":"open","ping_status":"open","sticky":false,"template":"","format":"standard","meta":{"footnotes":""},"categories":[16,4],"tags":[108,53,125,472],"class_list":["post-19581","post","type-post","status-publish","format-standard","has-post-thumbnail","hentry","category-comunicamos","category-noticias","tag-lorena-tapia","tag-mae","tag-mineria","tag-ministerio-del-ambeinte","xfolkentry"],"_links":{"self":[{"href":"https:\/\/www.ambienteyenergia.gob.ec\/ambiente\/wp-json\/wp\/v2\/posts\/19581","targetHints":{"allow":["GET"]}}],"collection":[{"href":"https:\/\/www.ambienteyenergia.gob.ec\/ambiente\/wp-json\/wp\/v2\/posts"}],"about":[{"href":"https:\/\/www.ambienteyenergia.gob.ec\/ambiente\/wp-json\/wp\/v2\/types\/post"}],"author":[{"embeddable":true,"href":"https:\/\/www.ambienteyenergia.gob.ec\/ambiente\/wp-json\/wp\/v2\/users\/13"}],"replies":[{"embeddable":true,"href":"https:\/\/www.ambienteyenergia.gob.ec\/ambiente\/wp-json\/wp\/v2\/comments?post=19581"}],"version-history":[{"count":0,"href":"https:\/\/www.ambienteyenergia.gob.ec\/ambiente\/wp-json\/wp\/v2\/posts\/19581\/revisions"}],"wp:featuredmedia":[{"embeddable":true,"href":"https:\/\/www.ambienteyenergia.gob.ec\/ambiente\/wp-json\/wp\/v2\/media\/19582"}],"wp:attachment":[{"href":"https:\/\/www.ambienteyenergia.gob.ec\/ambiente\/wp-json\/wp\/v2\/media?parent=19581"}],"wp:term":[{"taxonomy":"category","embeddable":true,"href":"https:\/\/www.ambienteyenergia.gob.ec\/ambiente\/wp-json\/wp\/v2\/categories?post=19581"},{"taxonomy":"post_tag","embeddable":true,"href":"https:\/\/www.ambienteyenergia.gob.ec\/ambiente\/wp-json\/wp\/v2\/tags?post=19581"}],"curies":[{"name":"wp","href":"https:\/\/api.w.org\/{rel}","templated":true}]}}