{"id":19577,"date":"2014-04-25T09:15:53","date_gmt":"2014-04-25T14:15:53","guid":{"rendered":"http:\/\/www.ambiente.gob.ec\/?p=19577"},"modified":"2014-04-25T14:40:47","modified_gmt":"2014-04-25T19:40:47","slug":"mae-promovio-entre-la-ciudadania-la-campana-cuidar-el-planeta-esta-de-moda","status":"publish","type":"post","link":"https:\/\/www.ambienteyenergia.gob.ec\/ambiente\/mae-promovio-entre-la-ciudadania-la-campana-cuidar-el-planeta-esta-de-moda\/","title":{"rendered":"MAE promovi\u00f3 entre la ciudadan\u00eda la campa\u00f1a &#8216;Cuidar el Planeta est\u00e1 de moda&#8217;"},"content":{"rendered":"<style type=\"text\/css\"><!--\nP { margin-bottom: 0.21cm; }\n--><\/style>\n<p align=\"JUSTIFY\">El Ministerio del Ambiente (MAE), en coordinaci\u00f3n con voluntarios del Servicio Civil Ciudadano (SCC), particip\u00f3 en la casa abierta que se desarroll\u00f3 en el Centro Comercial Malter\u00eda Plaza de la ciudad de Latacunga, como parte de la campa\u00f1a de reciclaje denominada &#8216;Cuidar el Planeta est\u00e1 de moda&#8217;, iniciativa que pretende concienciar a la ciudadan\u00eda sobre el cuidado del ambiente.<\/p>\n<p align=\"JUSTIFY\">En el evento, t\u00e9cnicos de la Direcci\u00f3n Provincial de Cotopaxi impartieron una capacitaci\u00f3n sobre consumo responsable, enfatizando en la disminuci\u00f3n del uso de productos con envases retornables, pues \u00e9sta es una buena opci\u00f3n para proteger nuestros recursos y mitigar los impactos negativos sobre el planeta.<\/p>\n<p align=\"JUSTIFY\">Asimismo, se expuso sobre lo importante que es cambiar los h\u00e1bitos de consumo de la poblaci\u00f3n. Para lo cual se proporcionaron varios tips enfocados en reducir el uso de fundas pl\u00e1sticas y usar bolsos de tela en su lugar, reciclar material tanto en el hogar como en la oficina, usar pilas recargables y separar la basura en org\u00e1nica e inorg\u00e1nica.<\/p>\n<p align=\"JUSTIFY\">En el stand del MAE se presentaron, tambi\u00e9n, opciones de adornos con material reutilizado. La gente se mostr\u00f3 sumamente interesada en este tipo de artesan\u00edas.<\/p>\n<p align=\"JUSTIFY\">El MAE continuar\u00e1 con estas jornadas de educaci\u00f3n ambiental con el prop\u00f3sito de crear una cultura ambiental responsable con el cuidado de la naturaleza.<\/p>\n","protected":false},"excerpt":{"rendered":"<p class=\"excerpt\">El Ministerio del Ambiente (MAE), en coordinaci\u00f3n con voluntarios del Servicio Civil Ciudadano (SCC), particip\u00f3 en la casa abierta que se desarroll\u00f3 en el Centro Comercial Malter\u00eda Plaza de la ciudad de Latacunga, como parte de la campa\u00f1a de reciclaje denominada &#8216;Cuidar el Planeta est\u00e1 de moda&#8217;, iniciativa que pretende concienciar a la ciudadan\u00eda sobre el cuidado del ambiente. En&hellip; <a href=\"https:\/\/www.ambienteyenergia.gob.ec\/ambiente\/mae-promovio-entre-la-ciudadania-la-campana-cuidar-el-planeta-esta-de-moda\/\">Read more &rarr;<\/a><\/p>\n","protected":false},"author":13,"featured_media":19578,"comment_status":"open","ping_status":"open","sticky":false,"template":"","format":"standard","meta":{"footnotes":""},"categories":[16,4],"tags":[],"class_list":["post-19577","post","type-post","status-publish","format-standard","has-post-thumbnail","hentry","category-comunicamos","category-noticias","xfolkentry"],"_links":{"self":[{"href":"https:\/\/www.ambienteyenergia.gob.ec\/ambiente\/wp-json\/wp\/v2\/posts\/19577","targetHints":{"allow":["GET"]}}],"collection":[{"href":"https:\/\/www.ambienteyenergia.gob.ec\/ambiente\/wp-json\/wp\/v2\/posts"}],"about":[{"href":"https:\/\/www.ambienteyenergia.gob.ec\/ambiente\/wp-json\/wp\/v2\/types\/post"}],"author":[{"embeddable":true,"href":"https:\/\/www.ambienteyenergia.gob.ec\/ambiente\/wp-json\/wp\/v2\/users\/13"}],"replies":[{"embeddable":true,"href":"https:\/\/www.ambienteyenergia.gob.ec\/ambiente\/wp-json\/wp\/v2\/comments?post=19577"}],"version-history":[{"count":0,"href":"https:\/\/www.ambienteyenergia.gob.ec\/ambiente\/wp-json\/wp\/v2\/posts\/19577\/revisions"}],"wp:featuredmedia":[{"embeddable":true,"href":"https:\/\/www.ambienteyenergia.gob.ec\/ambiente\/wp-json\/wp\/v2\/media\/19578"}],"wp:attachment":[{"href":"https:\/\/www.ambienteyenergia.gob.ec\/ambiente\/wp-json\/wp\/v2\/media?parent=19577"}],"wp:term":[{"taxonomy":"category","embeddable":true,"href":"https:\/\/www.ambienteyenergia.gob.ec\/ambiente\/wp-json\/wp\/v2\/categories?post=19577"},{"taxonomy":"post_tag","embeddable":true,"href":"https:\/\/www.ambienteyenergia.gob.ec\/ambiente\/wp-json\/wp\/v2\/tags?post=19577"}],"curies":[{"name":"wp","href":"https:\/\/api.w.org\/{rel}","templated":true}]}}