{"id":19574,"date":"2014-04-25T08:10:40","date_gmt":"2014-04-25T13:10:40","guid":{"rendered":"http:\/\/www.ambiente.gob.ec\/?p=19574"},"modified":"2014-04-25T08:10:40","modified_gmt":"2014-04-25T13:10:40","slug":"mae-junto-a-voluntarios-del-scc-capacitaron-a-470-ninos-en-imbabura-por-el-dia-de-la-tierra","status":"publish","type":"post","link":"https:\/\/www.ambienteyenergia.gob.ec\/ambiente\/mae-junto-a-voluntarios-del-scc-capacitaron-a-470-ninos-en-imbabura-por-el-dia-de-la-tierra\/","title":{"rendered":"MAE junto a voluntarios del SCC capacitaron a 470 ni\u00f1os en Imbabura por el D\u00eda de la Tierra"},"content":{"rendered":"<p style=\"text-align: justify;\">El Ministerio del Ambiente (MAE), a trav\u00e9s de la Direcci\u00f3n Provincial de Imbabura, y \u00a0en coordinaci\u00f3n con los j\u00f3venes voluntarios del proyecto Servicio Civil Ciudadano (SCC) capacit\u00f3 a 470 ni\u00f1os de la Unidad Educativa Pedro Moncayo, a trav\u00e9s de videos y din\u00e1micas sobre el cuidado del planeta, en conmemoraci\u00f3n al D\u00eda Internacional de la Madre Tierra.<\/p>\n<p style=\"text-align: justify;\">Mediante actividades l\u00fadico cognitivas, funcionarios del MAE impartieron conocimientos sobre buenas pr\u00e1cticas ambientales, reciclaje, y la importancia de conservar la naturaleza.<\/p>\n<p style=\"text-align: justify;\">Asimismo, se present\u00f3 la obra de t\u00edteres \u00abCuidemos la madre tierra\u00bb, dirigida a ni\u00f1os de \u00a03, 4 y 5 a\u00f1os de instituci\u00f3n; quienes ser\u00e1n los futuros Guardianes del Planeta y aliados del MAE en la protecci\u00f3n de los recursos.<\/p>\n<p style=\"text-align: justify;\">La Unidad Educativa agradeci\u00f3 la iniciativa de esta Cartera de Estado en impartir conocimientos e invit\u00f3 a replicar esta actividades en otras instituciones.<\/p>\n<p style=\"text-align: justify;\">\n","protected":false},"excerpt":{"rendered":"<p class=\"excerpt\">El Ministerio del Ambiente (MAE), a trav\u00e9s de la Direcci\u00f3n Provincial de Imbabura, y \u00a0en coordinaci\u00f3n con los j\u00f3venes voluntarios del proyecto Servicio Civil Ciudadano (SCC) capacit\u00f3 a 470 ni\u00f1os de la Unidad Educativa Pedro Moncayo, a trav\u00e9s de videos y din\u00e1micas sobre el cuidado del planeta, en conmemoraci\u00f3n al D\u00eda Internacional de la Madre Tierra. Mediante actividades l\u00fadico cognitivas,&hellip; <a href=\"https:\/\/www.ambienteyenergia.gob.ec\/ambiente\/mae-junto-a-voluntarios-del-scc-capacitaron-a-470-ninos-en-imbabura-por-el-dia-de-la-tierra\/\">Read more &rarr;<\/a><\/p>\n","protected":false},"author":13,"featured_media":19575,"comment_status":"open","ping_status":"open","sticky":false,"template":"","format":"standard","meta":{"footnotes":""},"categories":[16,4],"tags":[],"class_list":["post-19574","post","type-post","status-publish","format-standard","has-post-thumbnail","hentry","category-comunicamos","category-noticias","xfolkentry"],"_links":{"self":[{"href":"https:\/\/www.ambienteyenergia.gob.ec\/ambiente\/wp-json\/wp\/v2\/posts\/19574","targetHints":{"allow":["GET"]}}],"collection":[{"href":"https:\/\/www.ambienteyenergia.gob.ec\/ambiente\/wp-json\/wp\/v2\/posts"}],"about":[{"href":"https:\/\/www.ambienteyenergia.gob.ec\/ambiente\/wp-json\/wp\/v2\/types\/post"}],"author":[{"embeddable":true,"href":"https:\/\/www.ambienteyenergia.gob.ec\/ambiente\/wp-json\/wp\/v2\/users\/13"}],"replies":[{"embeddable":true,"href":"https:\/\/www.ambienteyenergia.gob.ec\/ambiente\/wp-json\/wp\/v2\/comments?post=19574"}],"version-history":[{"count":0,"href":"https:\/\/www.ambienteyenergia.gob.ec\/ambiente\/wp-json\/wp\/v2\/posts\/19574\/revisions"}],"wp:featuredmedia":[{"embeddable":true,"href":"https:\/\/www.ambienteyenergia.gob.ec\/ambiente\/wp-json\/wp\/v2\/media\/19575"}],"wp:attachment":[{"href":"https:\/\/www.ambienteyenergia.gob.ec\/ambiente\/wp-json\/wp\/v2\/media?parent=19574"}],"wp:term":[{"taxonomy":"category","embeddable":true,"href":"https:\/\/www.ambienteyenergia.gob.ec\/ambiente\/wp-json\/wp\/v2\/categories?post=19574"},{"taxonomy":"post_tag","embeddable":true,"href":"https:\/\/www.ambienteyenergia.gob.ec\/ambiente\/wp-json\/wp\/v2\/tags?post=19574"}],"curies":[{"name":"wp","href":"https:\/\/api.w.org\/{rel}","templated":true}]}}