{"id":19569,"date":"2014-04-24T16:12:22","date_gmt":"2014-04-24T21:12:22","guid":{"rendered":"http:\/\/www.ambiente.gob.ec\/?p=19569"},"modified":"2014-04-24T21:41:48","modified_gmt":"2014-04-25T02:41:48","slug":"mae-rescato-a-tigrillo-en-pedernales","status":"publish","type":"post","link":"https:\/\/www.ambienteyenergia.gob.ec\/ambiente\/mae-rescato-a-tigrillo-en-pedernales\/","title":{"rendered":"MAE rescat\u00f3 a tigrillo en Pedernales"},"content":{"rendered":"<p style=\"text-align: justify;\">T\u00e9cnicos del Ministerio del Ambiente de Ecuador (MAE), en coordinaci\u00f3n con personal de la Unidad de Protecci\u00f3n del Medio Ambiente (UPMA), rescataron a un tigrillo (Leopardus pardalis) de aproximadamente siete meses de edad, el pasado 22 de abril, en el sector rural del cant\u00f3n Pedernales, provincia de Manab\u00ed.<\/p>\n<p style=\"text-align: justify;\">\u00c1ngelo Traverso, Director Provincial del Ambiente de Manab\u00ed, afirm\u00f3 que el cachorro fue encontrado en la zona monta\u00f1osa a los pocos d\u00edas de haber nacido, por lo que permanec\u00eda en una vivienda del sector, pero en la actualidad, por el tama\u00f1o y las necesidades del animal decidieron entregarlo al Ministerio del Ambiente.<\/p>\n<p style=\"text-align: justify;\">Funcionarios de la esta Cartera de Estado evaluaron al felino, comprobando que se encuentra en buen estado de salud, por lo que de inmediato fue trasladado hasta el Centro de Rescate Nuestra Fauna de la Universidad T\u00e9cnica de Manab\u00ed (UTM), instituci\u00f3n avalada por la Autoridad Ambiental, en donde recibir\u00e1 los cuidados necesarios. Luego de un per\u00edodo de cuarentena y un an\u00e1lisis de los h\u00e1bitos y comportamientos de la especie se estudiar\u00e1 la posibilidad de que pueda ser reinsertado o no en su h\u00e1bitat natural.<\/p>\n<p style=\"text-align: justify;\">El MAE, como principal organismo ambiental del pa\u00eds, trabaja para garantizar la preservaci\u00f3n de la biodiversidad y velar por el bienestar de todos los seres vivos, seg\u00fan lo estipulado en la normativa ambiental vigente, misma que fue estructurada en concordancia con los lineamientos del Buen Vivir y la Constituci\u00f3n Pol\u00edtica.<\/p>\n<p>&nbsp;<\/p>\n","protected":false},"excerpt":{"rendered":"<p class=\"excerpt\">T\u00e9cnicos del Ministerio del Ambiente de Ecuador (MAE), en coordinaci\u00f3n con personal de la Unidad de Protecci\u00f3n del Medio Ambiente (UPMA), rescataron a un tigrillo (Leopardus pardalis) de aproximadamente siete meses de edad, el pasado 22 de abril, en el sector rural del cant\u00f3n Pedernales, provincia de Manab\u00ed. \u00c1ngelo Traverso, Director Provincial del Ambiente de Manab\u00ed, afirm\u00f3 que el cachorro&hellip; <a href=\"https:\/\/www.ambienteyenergia.gob.ec\/ambiente\/mae-rescato-a-tigrillo-en-pedernales\/\">Read more &rarr;<\/a><\/p>\n","protected":false},"author":13,"featured_media":19570,"comment_status":"open","ping_status":"open","sticky":false,"template":"","format":"standard","meta":{"footnotes":""},"categories":[16,4],"tags":[108,53,60,54,224,471],"class_list":["post-19569","post","type-post","status-publish","format-standard","has-post-thumbnail","hentry","category-comunicamos","category-noticias","tag-lorena-tapia","tag-mae","tag-manabi","tag-ministerio-del-ambiente","tag-rescate","tag-tigrillo","xfolkentry"],"_links":{"self":[{"href":"https:\/\/www.ambienteyenergia.gob.ec\/ambiente\/wp-json\/wp\/v2\/posts\/19569","targetHints":{"allow":["GET"]}}],"collection":[{"href":"https:\/\/www.ambienteyenergia.gob.ec\/ambiente\/wp-json\/wp\/v2\/posts"}],"about":[{"href":"https:\/\/www.ambienteyenergia.gob.ec\/ambiente\/wp-json\/wp\/v2\/types\/post"}],"author":[{"embeddable":true,"href":"https:\/\/www.ambienteyenergia.gob.ec\/ambiente\/wp-json\/wp\/v2\/users\/13"}],"replies":[{"embeddable":true,"href":"https:\/\/www.ambienteyenergia.gob.ec\/ambiente\/wp-json\/wp\/v2\/comments?post=19569"}],"version-history":[{"count":0,"href":"https:\/\/www.ambienteyenergia.gob.ec\/ambiente\/wp-json\/wp\/v2\/posts\/19569\/revisions"}],"wp:featuredmedia":[{"embeddable":true,"href":"https:\/\/www.ambienteyenergia.gob.ec\/ambiente\/wp-json\/wp\/v2\/media\/19570"}],"wp:attachment":[{"href":"https:\/\/www.ambienteyenergia.gob.ec\/ambiente\/wp-json\/wp\/v2\/media?parent=19569"}],"wp:term":[{"taxonomy":"category","embeddable":true,"href":"https:\/\/www.ambienteyenergia.gob.ec\/ambiente\/wp-json\/wp\/v2\/categories?post=19569"},{"taxonomy":"post_tag","embeddable":true,"href":"https:\/\/www.ambienteyenergia.gob.ec\/ambiente\/wp-json\/wp\/v2\/tags?post=19569"}],"curies":[{"name":"wp","href":"https:\/\/api.w.org\/{rel}","templated":true}]}}