{"id":19564,"date":"2014-04-24T11:33:56","date_gmt":"2014-04-24T16:33:56","guid":{"rendered":"http:\/\/www.ambiente.gob.ec\/?p=19564"},"modified":"2014-04-24T11:57:13","modified_gmt":"2014-04-24T16:57:13","slug":"60-ninos-y-jovenes-fueron-sensibilizados-en-cambio-climatico-y-seguridad-alimentaria-en-cayambe","status":"publish","type":"post","link":"https:\/\/www.ambienteyenergia.gob.ec\/ambiente\/60-ninos-y-jovenes-fueron-sensibilizados-en-cambio-climatico-y-seguridad-alimentaria-en-cayambe\/","title":{"rendered":"70 ni\u00f1os y j\u00f3venes fueron sensibilizados en cambio clim\u00e1tico y seguridad alimentaria en Cayambe"},"content":{"rendered":"<p style=\"text-align: justify;\">El Ministerio del Ambiente (MAE), en coordinaci\u00f3n con el Programa Mundial de Alimentos y los Socios Ejecutores Locales, capacit\u00f3 a setenta estudiantes y docentes del colegio Napole\u00f3n Dillon, ubicado en el cant\u00f3n Cayambe de la provincia de Pichincha, como parte del proyecto &#8216;Fortalecimiento de la resiliencia de las comunidades frente a los efectos adversos del cambio clim\u00e1tico en la provincia de Pichincha y la cuenca del R\u00edo Jubones&#8217; (FORECCSA), que lidera esta Cartera de Estado.<\/p>\n<p style=\"text-align: justify;\">Actualmente, el MAE a trav\u00e9s de la Subsecretar\u00eda de Cambio Clim\u00e1tico, trabaja en fortalecer los conocimientos de los actores involucrados en este proyecto a partir de talleres de sensibilizaci\u00f3n, que proporcionar\u00e1n herramientas para manejar los riesgos del cambio clim\u00e1tico, que sin duda, afectan a los cantones.<\/p>\n<p style=\"text-align: justify;\">Los alumnos fueron sensibilizados en conceptos de cambio clim\u00e1tico y c\u00f3mo este fen\u00f3meno afecta a la parroquia donde viven. Adem\u00e1s, t\u00e9cnicos del MAE les dieron ejemplos de qu\u00e9 pueden hacer desde sus hogares para mejorar su capacidad de soporte, adaptaci\u00f3n y recuperaci\u00f3n (resiliencia) ante los efectos adversos que se prev\u00e9n.<\/p>\n<p style=\"text-align: justify;\">Otro tema vital que se socializ\u00f3 fue seguridad alimentaria, para conocer la importancia de consumir alimentos nutritivos, de calidad y en las cantidades necesarias para conservar adecuados niveles de nutrici\u00f3n. Asimismo, se enfatiz\u00f3 en la necesidad de volver a consumir los alimentos tradicionales de la zona pues estos son ricos en vitaminas, prote\u00ednas y carbohidratos; elementos necesarios para mantener una alimentaci\u00f3n saludable. En ese sentido, los docentes participaron activamente indicando nombres de alimentos que se est\u00e1n dejando de consumir en la parroquia y cu\u00e1l es la mejor manera de prepararlos en casa.<\/p>\n<p style=\"text-align: justify;\">El trabajo con j\u00f3venes y ni\u00f1os es valioso porque afianza las bases de educaci\u00f3n para la adaptaci\u00f3n al cambio clim\u00e1tico y el conocimiento sobre la trascendencia de trabajar en el cuidado del ambiente y la seguridad alimentaria.<\/p>\n<p style=\"text-align: justify;\">Estas charlas ser\u00e1n replicadas pr\u00f3ximamente en otras zonas de intervenci\u00f3n del Proyecto en el marco de su primer componente relacionado a aumentar el conocimiento para manejar los riesgos del cambio clim\u00e1tico que afectan la seguridad alimentaria en los cantones priorizados de la Provincia de Pichincha y la cuenca del R\u00edo Jubones.<\/p>\n<p style=\"text-align: justify;\">\n","protected":false},"excerpt":{"rendered":"<p class=\"excerpt\">El Ministerio del Ambiente (MAE), en coordinaci\u00f3n con el Programa Mundial de Alimentos y los Socios Ejecutores Locales, capacit\u00f3 a setenta estudiantes y docentes del colegio Napole\u00f3n Dillon, ubicado en el cant\u00f3n Cayambe de la provincia de Pichincha, como parte del proyecto &#8216;Fortalecimiento de la resiliencia de las comunidades frente a los efectos adversos del cambio clim\u00e1tico en la provincia&hellip; <a href=\"https:\/\/www.ambienteyenergia.gob.ec\/ambiente\/60-ninos-y-jovenes-fueron-sensibilizados-en-cambio-climatico-y-seguridad-alimentaria-en-cayambe\/\">Read more &rarr;<\/a><\/p>\n","protected":false},"author":13,"featured_media":19565,"comment_status":"open","ping_status":"open","sticky":false,"template":"","format":"standard","meta":{"footnotes":""},"categories":[16,4],"tags":[133,108,53,54,470],"class_list":["post-19564","post","type-post","status-publish","format-standard","has-post-thumbnail","hentry","category-comunicamos","category-noticias","tag-cambio-climatico","tag-lorena-tapia","tag-mae","tag-ministerio-del-ambiente","tag-talleres-de-sensibilizacion","xfolkentry"],"_links":{"self":[{"href":"https:\/\/www.ambienteyenergia.gob.ec\/ambiente\/wp-json\/wp\/v2\/posts\/19564","targetHints":{"allow":["GET"]}}],"collection":[{"href":"https:\/\/www.ambienteyenergia.gob.ec\/ambiente\/wp-json\/wp\/v2\/posts"}],"about":[{"href":"https:\/\/www.ambienteyenergia.gob.ec\/ambiente\/wp-json\/wp\/v2\/types\/post"}],"author":[{"embeddable":true,"href":"https:\/\/www.ambienteyenergia.gob.ec\/ambiente\/wp-json\/wp\/v2\/users\/13"}],"replies":[{"embeddable":true,"href":"https:\/\/www.ambienteyenergia.gob.ec\/ambiente\/wp-json\/wp\/v2\/comments?post=19564"}],"version-history":[{"count":0,"href":"https:\/\/www.ambienteyenergia.gob.ec\/ambiente\/wp-json\/wp\/v2\/posts\/19564\/revisions"}],"wp:featuredmedia":[{"embeddable":true,"href":"https:\/\/www.ambienteyenergia.gob.ec\/ambiente\/wp-json\/wp\/v2\/media\/19565"}],"wp:attachment":[{"href":"https:\/\/www.ambienteyenergia.gob.ec\/ambiente\/wp-json\/wp\/v2\/media?parent=19564"}],"wp:term":[{"taxonomy":"category","embeddable":true,"href":"https:\/\/www.ambienteyenergia.gob.ec\/ambiente\/wp-json\/wp\/v2\/categories?post=19564"},{"taxonomy":"post_tag","embeddable":true,"href":"https:\/\/www.ambienteyenergia.gob.ec\/ambiente\/wp-json\/wp\/v2\/tags?post=19564"}],"curies":[{"name":"wp","href":"https:\/\/api.w.org\/{rel}","templated":true}]}}