{"id":19552,"date":"2014-04-24T08:49:09","date_gmt":"2014-04-24T13:49:09","guid":{"rendered":"http:\/\/www.ambiente.gob.ec\/?p=19552"},"modified":"2014-04-24T08:58:50","modified_gmt":"2014-04-24T13:58:50","slug":"dia-internacional-de-la-concienciacion-con-respecto-al-ruido-2","status":"publish","type":"post","link":"https:\/\/www.ambienteyenergia.gob.ec\/ambiente\/dia-internacional-de-la-concienciacion-con-respecto-al-ruido-2\/","title":{"rendered":"D\u00eda Internacional de la Concienciaci\u00f3n con respecto al Ruido"},"content":{"rendered":"<p>El ruido es una consecuencia directa de cualquier actividad humana y tiene importantes efectos sobre la salud de las personas, que sobrepasan a aquellos vinculados estrictamente a la audici\u00f3n. El ruido al que una persona se ve expuesta depender\u00e1 del ambiente en el que se encuentre. No obstante, los entornos ac\u00fasticos m\u00e1s agresivos y generalizados se producen como consecuencia directa de la actividad humana y, por lo tanto, su manifestaci\u00f3n m\u00e1s importante tiene lugar en donde se concentran tales actividades, como es el caso de las grandes ciudades.<\/p>\n<p>Es por tal motivo, hoy se celebra el D\u00eda Internacional de la Concienciaci\u00f3n con respecto al Ruido, con el objetivo de disminuir los trastornos del ruido excesivo y tomar acciones preventivas para evitar sus efectos.<\/p>\n<p>&nbsp;<\/p>\n<p>En este contexto, el Ministerio del Ambiente (MAE), como M\u00e1xima Autoridad Ambiental Nacional, realiza un control y seguimiento del ruido a trav\u00e9s de varios mecanismos, entre ellos, auditor\u00edas ambientales y reportes de monitoreo que son elaborados con metodolog\u00eda estandarizada, mediante laboratorios aprobados por el Organismo de Acreditaci\u00f3n Ecuatoriana (OAE). La industria o empresa tiene la obligaci\u00f3n de ejecutar este proceso de medici\u00f3n de ruido y entregar sus resultados.<\/p>\n<p>El Libro VI del Texto Unificado de Legislaci\u00f3n Secundaria del Ministerio del Ambiente (TULSMA) describe una normativa, en la que se establecen los l\u00edmites m\u00e1ximos permisibles de ruido para fuentes fijas (industrias y recintos aeroportuarios) y m\u00f3viles (veh\u00edculos automotores). Esto, con el fin de preservar el bienestar de las personas y del ambiente en general.<\/p>\n<p>Adicionalmente, los Gobiernos Aut\u00f3nomos Descentralizados (GAD&#8217;s), en su calidad de autoridades ambientales cooperantes, a trav\u00e9s de sus ordenanzas y basados en la Normativa Ambiental Nacional, regulan las actividades que impliquen un riesgo ambiental en cualquiera de sus componentes, en este caso el ruido.<\/p>\n<p>Seg\u00fan, la Organizaci\u00f3n Mundial de la Salud (OMS) \u201cel 76% de la poblaci\u00f3n que vive en los grandes centros urbanos, sufre un impacto ac\u00fastico superior al recomendable y esto se refleja en su calidad de vida\u201d.<\/p>\n<p>Adem\u00e1s de esto, se han identificado diferentes tipos de fuentes de ruido que se han agrupado de la siguiente forma:<\/p>\n<p>Fuentes Fijas: Toda fuente de ruido dise\u00f1ada para operar en un lugar fijo y determinado(DS 146)<br \/>\nFuentes m\u00f3viles: Veh\u00edculos en la v\u00eda p\u00fablica.<br \/>\nLineales: Carreteras, v\u00edas f\u00e9rreas, etc.<br \/>\nConductuales: Comportamiento o pr\u00e1ctica ruidosa, de una o varias personas, que atentan contra la tranquilidad de los vecinos.<\/p>\n<p><strong>\u00a0Recomendaciones:<\/strong><\/p>\n<ul>\n<li>Procura no producir tanto ruido en sitios cerrados.<\/li>\n<li>Baja el volumen de la radio y la televisi\u00f3n.<\/li>\n<li>Controla el volumen de m\u00fasica en tu trabajo.<\/li>\n<li>No toques la bocina o pito de tu auto innecesariamente.<\/li>\n<li>Fuera de casa, intenta no molestar con actividades ruidosas motorizadas.<\/li>\n<li>Si haces una fiesta comun\u00edcala con tiempo a tus vecinos.<\/li>\n<li>Cierra las puertas con cuidado, evita dar portazos.<\/li>\n<li>Al salir de un centro de diversi\u00f3n no hagas esc\u00e1ndalo, recuerda que los vecinos duermen.<\/li>\n<\/ul>\n<p><a href=\"http:\/\/www.ambienteyenergia.gob.ec\/ambiente\/wp-content\/uploads\/2014\/04\/dia-del-ruido.jpg\"><img loading=\"lazy\" decoding=\"async\" class=\"aligncenter size-full wp-image-19556\" alt=\"D\u00eda de la concienciaci\u00f3n con respecto al ruido\" src=\"http:\/\/www.ambienteyenergia.gob.ec\/ambiente\/wp-content\/uploads\/2014\/04\/dia-del-ruido.jpg\" width=\"843\" height=\"403\" srcset=\"https:\/\/www.ambienteyenergia.gob.ec\/ambiente\/wp-content\/uploads\/sites\/2\/2014\/04\/dia-del-ruido.jpg 843w, https:\/\/www.ambienteyenergia.gob.ec\/ambiente\/wp-content\/uploads\/sites\/2\/2014\/04\/dia-del-ruido-300x143.jpg 300w, https:\/\/www.ambienteyenergia.gob.ec\/ambiente\/wp-content\/uploads\/sites\/2\/2014\/04\/dia-del-ruido-500x239.jpg 500w\" sizes=\"auto, (max-width: 843px) 100vw, 843px\" \/><\/a><\/p>\n<p>&nbsp;<\/p>\n<p>&nbsp;<\/p>\n","protected":false},"excerpt":{"rendered":"<p class=\"excerpt\">El ruido es una consecuencia directa de cualquier actividad humana y tiene importantes efectos sobre la salud de las personas, que sobrepasan a aquellos vinculados estrictamente a la audici\u00f3n. El ruido al que una persona se ve expuesta depender\u00e1 del ambiente en el que se encuentre. No obstante, los entornos ac\u00fasticos m\u00e1s agresivos y generalizados se producen como consecuencia directa&hellip; <a href=\"https:\/\/www.ambienteyenergia.gob.ec\/ambiente\/dia-internacional-de-la-concienciacion-con-respecto-al-ruido-2\/\">Read more &rarr;<\/a><\/p>\n","protected":false},"author":13,"featured_media":19555,"comment_status":"open","ping_status":"open","sticky":false,"template":"","format":"standard","meta":{"footnotes":""},"categories":[16,4],"tags":[468,108,53,467],"class_list":["post-19552","post","type-post","status-publish","format-standard","has-post-thumbnail","hentry","category-comunicamos","category-noticias","tag-dia-mundial-del-ruuido","tag-lorena-tapia","tag-mae","tag-ministerio-del-ambiente-del-ecuador","xfolkentry"],"_links":{"self":[{"href":"https:\/\/www.ambienteyenergia.gob.ec\/ambiente\/wp-json\/wp\/v2\/posts\/19552","targetHints":{"allow":["GET"]}}],"collection":[{"href":"https:\/\/www.ambienteyenergia.gob.ec\/ambiente\/wp-json\/wp\/v2\/posts"}],"about":[{"href":"https:\/\/www.ambienteyenergia.gob.ec\/ambiente\/wp-json\/wp\/v2\/types\/post"}],"author":[{"embeddable":true,"href":"https:\/\/www.ambienteyenergia.gob.ec\/ambiente\/wp-json\/wp\/v2\/users\/13"}],"replies":[{"embeddable":true,"href":"https:\/\/www.ambienteyenergia.gob.ec\/ambiente\/wp-json\/wp\/v2\/comments?post=19552"}],"version-history":[{"count":0,"href":"https:\/\/www.ambienteyenergia.gob.ec\/ambiente\/wp-json\/wp\/v2\/posts\/19552\/revisions"}],"wp:featuredmedia":[{"embeddable":true,"href":"https:\/\/www.ambienteyenergia.gob.ec\/ambiente\/wp-json\/wp\/v2\/media\/19555"}],"wp:attachment":[{"href":"https:\/\/www.ambienteyenergia.gob.ec\/ambiente\/wp-json\/wp\/v2\/media?parent=19552"}],"wp:term":[{"taxonomy":"category","embeddable":true,"href":"https:\/\/www.ambienteyenergia.gob.ec\/ambiente\/wp-json\/wp\/v2\/categories?post=19552"},{"taxonomy":"post_tag","embeddable":true,"href":"https:\/\/www.ambienteyenergia.gob.ec\/ambiente\/wp-json\/wp\/v2\/tags?post=19552"}],"curies":[{"name":"wp","href":"https:\/\/api.w.org\/{rel}","templated":true}]}}