{"id":19548,"date":"2014-04-23T19:55:48","date_gmt":"2014-04-24T00:55:48","guid":{"rendered":"http:\/\/www.ambiente.gob.ec\/?p=19548"},"modified":"2014-04-24T08:59:13","modified_gmt":"2014-04-24T13:59:13","slug":"nandito-y-alejandro-fueron-liberados-en-el-parque-nacional-cajas-como-parte-de-un-proyecto-de-rehabilitacion-del-mae","status":"publish","type":"post","link":"https:\/\/www.ambienteyenergia.gob.ec\/ambiente\/nandito-y-alejandro-fueron-liberados-en-el-parque-nacional-cajas-como-parte-de-un-proyecto-de-rehabilitacion-del-mae\/","title":{"rendered":"Nandito y Alejandro fueron liberados en el Parque Nacional Cajas como parte de un proyecto de rehabilitaci\u00f3n del MAE"},"content":{"rendered":"<p style=\"text-align: justify;\">Nandito y Alejandro son dos \u00e1guilas pechinegras (Geranoaetus melanoleucus) que fueron liberadas ayer en el valle de Llaviuco, al interior del Parque Nacional Cajas, luego de un proceso de rehabilitaci\u00f3n, impulsado por el Ministerio del Ambiente del Ecuador (MAE), en coordinaci\u00f3n con la Empresa de Telecomunicaciones, Agua Potable, Alcantarillado y Saneamiento de Cuenca (ETAPA), y varios centros de vida silvestre de la provincia de Azuay. Las aves, ahora, vuelan libres en las explanadas del reserva protegida.<\/p>\n<p style=\"text-align: justify;\">Estos dos ejemplares machos de \u00e1guila son parte de un Programa Piloto de Rehabilitaci\u00f3n y Liberaci\u00f3n de Aves Rapaces que ejecuta esta Cartera de Estado, con el fin de reincorporar a estas especies en su h\u00e1bitat natural. Fernando Juela, t\u00e9cnico del MAE, es el propulsor de este proyecto que dur\u00f3 aproximadamente ocho meses. \u00abEl resultado de este trabajo podr\u00e1 verse en los siguientes d\u00edas, a partir del comportamiento de \u00e1guilas y su desempe\u00f1o en el \u00e1rea natural\u00bb, explic\u00f3.<\/p>\n<p style=\"text-align: justify;\">Las aves rapaces provienen de los zool\u00f3gicos Yurak Allpa (Nandito) y Amaru (Alejandro); donde permanecieron en un per\u00edodo de aislamiento para su recuperaci\u00f3n y posterior reinserci\u00f3n. Durante este tiempo, se colectaron datos importantes sobre su metabolismo y comportamiento, lo que aportar\u00e1 al conocimiento cient\u00edfico de estas aves.<\/p>\n<p style=\"text-align: justify;\">En ese sentido, Francisco Prieto, Director Nacional de Biodiversidad del MAE, asegur\u00f3 que el tema del manejo ex situ de la fauna silvestre es parte de las pol\u00edticas y estrategias del MAE. \u201c\u00c9sta es una oportunidad para algunas especies de retornar a su entorno silvestre\u201d.<\/p>\n<p style=\"text-align: justify;\">Nandito estuvo a cargo de Fernando Andrade, especialista en aves rapaces, quien sin ning\u00fan tipo de inter\u00e9s m\u00e1s que el de su amor por estas especies, ayud\u00f3 al proceso de recuperaci\u00f3n del ejemplar. \u00abNandito estuvo en cautiverio cerca de cuatro a\u00f1os, en los cuales fue evaluado, llegando a la conclusi\u00f3n de que pod\u00eda ser un potencial candidato para la liberaci\u00f3n, pues no presentaba impedimentos f\u00edsicos y su nivel de trato con seres humanos era bajo\u00bb. Asimismo, Andrade coment\u00f3 como a trav\u00e9s de varias t\u00e9cnicas de cetrer\u00eda (actividad que consiste en adiestrar aves rapaces para la cacer\u00eda), ense\u00f1\u00f3 a Nandito a volar, cazar y a utilizar el viento.<\/p>\n<p style=\"text-align: justify;\">Por su parte, Alejandra Recalde, veterinaria del Zool\u00f3gico Amaru y encargada de la rehabilitaci\u00f3n de Alejandro, explic\u00f3 que el \u00e1guila juvenil que lleg\u00f3 el 18 de enero del presente a\u00f1o al centro de rescate, permaneci\u00f3 en aislamiento durante 24 d\u00edas aproximadamente. \u201cDurante este per\u00edodo se cuid\u00f3 que no tenga contacto con seres humanos y se lo aliment\u00f3 con presas vivas que puede encontrar en su entorno como codornices, ratas y en algunos casos pollos\u201d, afirm\u00f3.<\/p>\n<p style=\"text-align: justify;\">El programa de rehabilitaci\u00f3n tiene tres fases que son fortalecer el sistema muscular y manejo de corrientes t\u00e9rmicas mediante las pr\u00e1cticas de vuelo constantes; utilizaci\u00f3n de se\u00f1uelos y potenciaci\u00f3n de los instintos de caza; y finamente, la liberaci\u00f3n y monitoreo. Cabe se\u00f1alar, que antes de la liberaci\u00f3n, se coloc\u00f3 a ambos ejemplares anillos de identificaci\u00f3n de colores vivos, justamente para facilitar su visualizaci\u00f3n. Si bien, estos no son dispositivos de rastreo permitir\u00e1n reconocer desde lejos a las aves para examinar su evoluci\u00f3n.<\/p>\n<p style=\"text-align: justify;\">El tema de las liberaciones no es un proceso que se planifica con antelaci\u00f3n, sino que se ejecuta seg\u00fan las capacidades y el comportamiento de los animales que permanecen en observaci\u00f3n en los diferentes centros de rescate. Existen dos casos en los que se puede reintroducir a las especies, el uno es cuando se rescata a un animal que presenta las caracter\u00edsticas para ser retornado, y que luego, de un proceso de cuarentena y an\u00e1lisis previo es reinsertado, y el otro, que el ejemplar venga de un proceso de reproducci\u00f3n en cautiverio.<\/p>\n<p style=\"text-align: justify;\">A pesar de que el proceso de liberaci\u00f3n es bastante complejo y costoso, el MAE apoya este tipo de iniciativas, pero tambi\u00e9n considera que es clave desarrollar estrategias de conservaci\u00f3n enfocadas para cada tipo de especies o grupo de animales, pues \u00e9stas marcan en una hoja de ruta para ejecutar labores de protecci\u00f3n.<\/p>\n<p style=\"text-align: justify;\">En ese aspecto, el tema de educaci\u00f3n ambiental y sensibilizaci\u00f3n es sumamente importante, para que la poblaci\u00f3n tome conciencia respecto al cuidado de la fauna silvestre, evitando as\u00ed, que acciones como las del c\u00f3ndor \u2032Felipe\u2032 se repitan.<\/p>\n<p style=\"text-align: justify;\">\n","protected":false},"excerpt":{"rendered":"<p class=\"excerpt\">Nandito y Alejandro son dos \u00e1guilas pechinegras (Geranoaetus melanoleucus) que fueron liberadas ayer en el valle de Llaviuco, al interior del Parque Nacional Cajas, luego de un proceso de rehabilitaci\u00f3n, impulsado por el Ministerio del Ambiente del Ecuador (MAE), en coordinaci\u00f3n con la Empresa de Telecomunicaciones, Agua Potable, Alcantarillado y Saneamiento de Cuenca (ETAPA), y varios centros de vida silvestre&hellip; <a href=\"https:\/\/www.ambienteyenergia.gob.ec\/ambiente\/nandito-y-alejandro-fueron-liberados-en-el-parque-nacional-cajas-como-parte-de-un-proyecto-de-rehabilitacion-del-mae\/\">Read more &rarr;<\/a><\/p>\n","protected":false},"author":13,"featured_media":19549,"comment_status":"open","ping_status":"open","sticky":false,"template":"","format":"standard","meta":{"footnotes":""},"categories":[16,4],"tags":[464,457,108,53,54,466,465],"class_list":["post-19548","post","type-post","status-publish","format-standard","has-post-thumbnail","hentry","category-comunicamos","category-noticias","tag-aguilas","tag-liberacion","tag-lorena-tapia","tag-mae","tag-ministerio-del-ambiente","tag-parque-nacional-cajas","tag-reintroduccion","xfolkentry"],"_links":{"self":[{"href":"https:\/\/www.ambienteyenergia.gob.ec\/ambiente\/wp-json\/wp\/v2\/posts\/19548","targetHints":{"allow":["GET"]}}],"collection":[{"href":"https:\/\/www.ambienteyenergia.gob.ec\/ambiente\/wp-json\/wp\/v2\/posts"}],"about":[{"href":"https:\/\/www.ambienteyenergia.gob.ec\/ambiente\/wp-json\/wp\/v2\/types\/post"}],"author":[{"embeddable":true,"href":"https:\/\/www.ambienteyenergia.gob.ec\/ambiente\/wp-json\/wp\/v2\/users\/13"}],"replies":[{"embeddable":true,"href":"https:\/\/www.ambienteyenergia.gob.ec\/ambiente\/wp-json\/wp\/v2\/comments?post=19548"}],"version-history":[{"count":0,"href":"https:\/\/www.ambienteyenergia.gob.ec\/ambiente\/wp-json\/wp\/v2\/posts\/19548\/revisions"}],"wp:featuredmedia":[{"embeddable":true,"href":"https:\/\/www.ambienteyenergia.gob.ec\/ambiente\/wp-json\/wp\/v2\/media\/19549"}],"wp:attachment":[{"href":"https:\/\/www.ambienteyenergia.gob.ec\/ambiente\/wp-json\/wp\/v2\/media?parent=19548"}],"wp:term":[{"taxonomy":"category","embeddable":true,"href":"https:\/\/www.ambienteyenergia.gob.ec\/ambiente\/wp-json\/wp\/v2\/categories?post=19548"},{"taxonomy":"post_tag","embeddable":true,"href":"https:\/\/www.ambienteyenergia.gob.ec\/ambiente\/wp-json\/wp\/v2\/tags?post=19548"}],"curies":[{"name":"wp","href":"https:\/\/api.w.org\/{rel}","templated":true}]}}