{"id":19543,"date":"2014-04-23T19:47:13","date_gmt":"2014-04-24T00:47:13","guid":{"rendered":"http:\/\/www.ambiente.gob.ec\/?p=19543"},"modified":"2014-04-23T19:47:13","modified_gmt":"2014-04-24T00:47:13","slug":"mae-entrega-certificados-a-promotores-ambientales-de-la-junta-parroquial-de-san-blas-del-canton-urcuqui","status":"publish","type":"post","link":"https:\/\/www.ambienteyenergia.gob.ec\/ambiente\/mae-entrega-certificados-a-promotores-ambientales-de-la-junta-parroquial-de-san-blas-del-canton-urcuqui\/","title":{"rendered":"MAE entrega Certificados a promotores ambientales de la junta parroquial de San Blas del Cant\u00f3n Urcuqu\u00ed"},"content":{"rendered":"<p style=\"text-align: justify;\">El Ministerio del Ambiente, a trav\u00e9s de la Direcci\u00f3n Provincial del Ambiente de Imbabura, en coordinaci\u00f3n con la Junta Parroquial de San Blas del cant\u00f3n Urcuqu\u00ed, entreg\u00f3, este 22 de abril, certificados de capacitaci\u00f3n y sensibilizaci\u00f3n en el marco de los Ecotalleres realizados con el objetivo de formar Promotores Ambientales Comunitarios.<\/p>\n<p style=\"text-align: justify;\">Los certificados, avalados por la Escuela Superior Polit\u00e9cnica del Ejercito (ESPE), el Ministerio del Ambiente (MAE) y la Asociaci\u00f3n de Juntas Parroquiales (CONAGOPARE), fueron entregados a 21 participantes (7 hombres y 14 mujeres).<\/p>\n<p style=\"text-align: justify;\">Evento se desarrollo por motivo de la conmemoraci\u00f3n del D\u00eda Mundial de la Madre Tierra con la finalidad de crear conciencia com\u00fan entre los participantes sobre problemas como la superpoblaci\u00f3n, la producci\u00f3n de contaminaci\u00f3n, la conservaci\u00f3n de la biodiversidad y otras preocupaciones ambientales para proteger a nuestro planeta, por medio de iniciativas locales y nacionales.<\/p>\n","protected":false},"excerpt":{"rendered":"<p class=\"excerpt\">El Ministerio del Ambiente, a trav\u00e9s de la Direcci\u00f3n Provincial del Ambiente de Imbabura, en coordinaci\u00f3n con la Junta Parroquial de San Blas del cant\u00f3n Urcuqu\u00ed, entreg\u00f3, este 22 de abril, certificados de capacitaci\u00f3n y sensibilizaci\u00f3n en el marco de los Ecotalleres realizados con el objetivo de formar Promotores Ambientales Comunitarios. Los certificados, avalados por la Escuela Superior Polit\u00e9cnica del&hellip; <a href=\"https:\/\/www.ambienteyenergia.gob.ec\/ambiente\/mae-entrega-certificados-a-promotores-ambientales-de-la-junta-parroquial-de-san-blas-del-canton-urcuqui\/\">Read more &rarr;<\/a><\/p>\n","protected":false},"author":13,"featured_media":19546,"comment_status":"open","ping_status":"open","sticky":false,"template":"","format":"standard","meta":{"footnotes":""},"categories":[16,4],"tags":[463,162,108,53],"class_list":["post-19543","post","type-post","status-publish","format-standard","has-post-thumbnail","hentry","category-comunicamos","category-noticias","tag-dia-internacional-de-la-madre-tierra","tag-imbabura","tag-lorena-tapia","tag-mae","xfolkentry"],"_links":{"self":[{"href":"https:\/\/www.ambienteyenergia.gob.ec\/ambiente\/wp-json\/wp\/v2\/posts\/19543","targetHints":{"allow":["GET"]}}],"collection":[{"href":"https:\/\/www.ambienteyenergia.gob.ec\/ambiente\/wp-json\/wp\/v2\/posts"}],"about":[{"href":"https:\/\/www.ambienteyenergia.gob.ec\/ambiente\/wp-json\/wp\/v2\/types\/post"}],"author":[{"embeddable":true,"href":"https:\/\/www.ambienteyenergia.gob.ec\/ambiente\/wp-json\/wp\/v2\/users\/13"}],"replies":[{"embeddable":true,"href":"https:\/\/www.ambienteyenergia.gob.ec\/ambiente\/wp-json\/wp\/v2\/comments?post=19543"}],"version-history":[{"count":0,"href":"https:\/\/www.ambienteyenergia.gob.ec\/ambiente\/wp-json\/wp\/v2\/posts\/19543\/revisions"}],"wp:featuredmedia":[{"embeddable":true,"href":"https:\/\/www.ambienteyenergia.gob.ec\/ambiente\/wp-json\/wp\/v2\/media\/19546"}],"wp:attachment":[{"href":"https:\/\/www.ambienteyenergia.gob.ec\/ambiente\/wp-json\/wp\/v2\/media?parent=19543"}],"wp:term":[{"taxonomy":"category","embeddable":true,"href":"https:\/\/www.ambienteyenergia.gob.ec\/ambiente\/wp-json\/wp\/v2\/categories?post=19543"},{"taxonomy":"post_tag","embeddable":true,"href":"https:\/\/www.ambienteyenergia.gob.ec\/ambiente\/wp-json\/wp\/v2\/tags?post=19543"}],"curies":[{"name":"wp","href":"https:\/\/api.w.org\/{rel}","templated":true}]}}