{"id":19542,"date":"2014-04-23T19:45:21","date_gmt":"2014-04-24T00:45:21","guid":{"rendered":"http:\/\/www.ambiente.gob.ec\/?p=19542"},"modified":"2014-04-23T19:45:21","modified_gmt":"2014-04-24T00:45:21","slug":"inicia-taller-de-expertos-sobre-el-sistema-de-informacion-de-salvaguardas-para-redd-de-ecuador","status":"publish","type":"post","link":"https:\/\/www.ambienteyenergia.gob.ec\/ambiente\/inicia-taller-de-expertos-sobre-el-sistema-de-informacion-de-salvaguardas-para-redd-de-ecuador\/","title":{"rendered":"Inicia Taller de expertos sobre el \u00abSistema de Informaci\u00f3n de Salvaguardas para REDD+ de Ecuador\u00bb"},"content":{"rendered":"<p style=\"text-align: justify;\">El Ministerio del Ambiente, a trav\u00e9s de la Subsecretar\u00eda de Cambio Clim\u00e1tico, y con el apoyo t\u00e9cnico del Programa Nacional Conjunto ONU-REDD y Conservaci\u00f3n Internacional Ecuador, realiza los d\u00edas 23 y 24 de abril de 2014 el Taller de Expertos sobre el \u00abSistema de Informaci\u00f3n de Salvaguardas (SIS) para REDD+ de Ecuador\u00bb.<\/p>\n<p>Este encuentro de experto s tien e como objetivo generar un espacio de reflexi\u00f3n y an\u00e1lisis sobre el dis e\u00f1o del SIS para su futura implementaci\u00f3n. Para ello se contar\u00e1 con el apoyo de expertos nacionales e internacionales especializados en materia de salvaguardas, patrimonio natural e indicadores socioambientales. Adicionalmente, se busca tener una retroalimentaci\u00f3n sobre la estructura del SIS y recomendaciones que sirvan para el levantamiento, an\u00e1lisis, validaci\u00f3n y reporte de la informaci\u00f3n a ser generada por el sistema.<\/p>\n<p>A nivel global, los pa\u00edses interesados en implementar actividades REDD+ tienen el mandato de asegurar el cumplimiento de los acuerdos establecidos bajo la Convenci\u00f3n Marco de Naciones Unidas sobre Cambio Clim\u00e1tico (CMNUCC), especialmente en lo que se refiere a asegurar el respeto de las salvaguardas sociales y ambientales durante el desarrollo e implementaci\u00f3n de sus estrategias o planes de acci\u00f3n nacionales, as\u00ed como durante la implementaci\u00f3n de actividades REDD+.<\/p>\n<p>El principal prop\u00f3sito del SIS es recopilar y presentar informaci\u00f3n relevante sobre c\u00f3mo las salvaguardas de REDD+ est\u00e1n siendo abordadas y respetadas en los pa\u00edses. En el caso del Ecuador, este sistema \u00fanico permitir\u00e1 reportar sobre el abordaje de salvaguardas para REDD+, a nivel nacional e internacional, en lo cual el pa\u00eds es uno de los pioneros a nivel internacional.<\/p>\n<p>Para mayor informaci\u00f3n pueden comunicarse con Mar \u00eda del Carmen Garc\u00eda del Ministerio del Ambiente a su direcci\u00f3n de correo electr\u00f3nico maria.garcia@ambiente.gob.ec , o con Soledad Quintana del PNC ONU-REDD a su direcci\u00f3n de correo electr\u00f3nico: squintana@pnc-onureddecuador.org.<\/p>\n","protected":false},"excerpt":{"rendered":"<p class=\"excerpt\">El Ministerio del Ambiente, a trav\u00e9s de la Subsecretar\u00eda de Cambio Clim\u00e1tico, y con el apoyo t\u00e9cnico del Programa Nacional Conjunto ONU-REDD y Conservaci\u00f3n Internacional Ecuador, realiza los d\u00edas 23 y 24 de abril de 2014 el Taller de Expertos sobre el \u00abSistema de Informaci\u00f3n de Salvaguardas (SIS) para REDD+ de Ecuador\u00bb. Este encuentro de experto s tien e como&hellip; <a href=\"https:\/\/www.ambienteyenergia.gob.ec\/ambiente\/inicia-taller-de-expertos-sobre-el-sistema-de-informacion-de-salvaguardas-para-redd-de-ecuador\/\">Read more &rarr;<\/a><\/p>\n","protected":false},"author":13,"featured_media":19544,"comment_status":"open","ping_status":"open","sticky":false,"template":"","format":"standard","meta":{"footnotes":""},"categories":[16,4],"tags":[],"class_list":["post-19542","post","type-post","status-publish","format-standard","has-post-thumbnail","hentry","category-comunicamos","category-noticias","xfolkentry"],"_links":{"self":[{"href":"https:\/\/www.ambienteyenergia.gob.ec\/ambiente\/wp-json\/wp\/v2\/posts\/19542","targetHints":{"allow":["GET"]}}],"collection":[{"href":"https:\/\/www.ambienteyenergia.gob.ec\/ambiente\/wp-json\/wp\/v2\/posts"}],"about":[{"href":"https:\/\/www.ambienteyenergia.gob.ec\/ambiente\/wp-json\/wp\/v2\/types\/post"}],"author":[{"embeddable":true,"href":"https:\/\/www.ambienteyenergia.gob.ec\/ambiente\/wp-json\/wp\/v2\/users\/13"}],"replies":[{"embeddable":true,"href":"https:\/\/www.ambienteyenergia.gob.ec\/ambiente\/wp-json\/wp\/v2\/comments?post=19542"}],"version-history":[{"count":0,"href":"https:\/\/www.ambienteyenergia.gob.ec\/ambiente\/wp-json\/wp\/v2\/posts\/19542\/revisions"}],"wp:featuredmedia":[{"embeddable":true,"href":"https:\/\/www.ambienteyenergia.gob.ec\/ambiente\/wp-json\/wp\/v2\/media\/19544"}],"wp:attachment":[{"href":"https:\/\/www.ambienteyenergia.gob.ec\/ambiente\/wp-json\/wp\/v2\/media?parent=19542"}],"wp:term":[{"taxonomy":"category","embeddable":true,"href":"https:\/\/www.ambienteyenergia.gob.ec\/ambiente\/wp-json\/wp\/v2\/categories?post=19542"},{"taxonomy":"post_tag","embeddable":true,"href":"https:\/\/www.ambienteyenergia.gob.ec\/ambiente\/wp-json\/wp\/v2\/tags?post=19542"}],"curies":[{"name":"wp","href":"https:\/\/api.w.org\/{rel}","templated":true}]}}