{"id":19535,"date":"2014-04-23T09:53:38","date_gmt":"2014-04-23T14:53:38","guid":{"rendered":"http:\/\/www.ambiente.gob.ec\/?p=19535"},"modified":"2014-04-23T09:53:38","modified_gmt":"2014-04-23T14:53:38","slug":"mae-realiza-limpieza-del-area-submarina-de-la-isla-santa-clara-el-oro","status":"publish","type":"post","link":"https:\/\/www.ambienteyenergia.gob.ec\/ambiente\/mae-realiza-limpieza-del-area-submarina-de-la-isla-santa-clara-el-oro\/","title":{"rendered":"MAE realiza limpieza del \u00e1rea submarina de la Isla Santa Clara (El Oro)"},"content":{"rendered":"<p style=\"text-align: justify;\">El Ministerio del Ambiente (MAE), a trav\u00e9s de la Subsecretar\u00eda de Gesti\u00f3n Marina y Costera (SGMC) realiz\u00f3 la recolecci\u00f3n de desechos alojados en las profundidades marinas de \u00e1reas protegidas con el objetivo de aportar a la descontaminaci\u00f3n de los fondos marinos de la zona costera ecuatoriana.<\/p>\n<p>La tarea de limpieza se realiz\u00f3 en el Refugio de Vida Silvestre Isla Santa Clara, ubicado en el Cant\u00f3n Santa Rosa de la provincia de El Oro, con ayuda del cuerpo de bomberos de la provincia, Capitan\u00eda de puerto Bol\u00edvar y pescadores de la zona de Chanduy.<\/p>\n<p>En los bajos de la reserva se extrajeron 68 kilos de desechos como nylon de artes de pesca, redes, sogas de anclaje, cabos y tubos de pl\u00e1stico, mejorando de esta manera el h\u00e1bitat de las especies que all\u00ed viven y reproducen. Los desechos extra\u00eddos en la jornada fue trasladado hacia el dep\u00f3sito de relleno sanitario de Machala.<\/p>\n<p>Estas acciones continuar\u00e1n bajo la consigna de proteger y conservar el \u00e1rea marina de nuestro pa\u00eds.<\/p>\n<p style=\"text-align: justify;\"><a href=\"http:\/\/www.ambienteyenergia.gob.ec\/ambiente\/wp-content\/uploads\/2014\/04\/IMG-20140422-WA0013.jpg\"><img loading=\"lazy\" decoding=\"async\" class=\"aligncenter size-full wp-image-19537\" alt=\"IMG-20140422-WA0013\" src=\"http:\/\/www.ambienteyenergia.gob.ec\/ambiente\/wp-content\/uploads\/2014\/04\/IMG-20140422-WA0013.jpg\" width=\"650\" height=\"488\" srcset=\"https:\/\/www.ambienteyenergia.gob.ec\/ambiente\/wp-content\/uploads\/sites\/2\/2014\/04\/IMG-20140422-WA0013.jpg 650w, https:\/\/www.ambienteyenergia.gob.ec\/ambiente\/wp-content\/uploads\/sites\/2\/2014\/04\/IMG-20140422-WA0013-300x225.jpg 300w, https:\/\/www.ambienteyenergia.gob.ec\/ambiente\/wp-content\/uploads\/sites\/2\/2014\/04\/IMG-20140422-WA0013-399x300.jpg 399w\" sizes=\"auto, (max-width: 650px) 100vw, 650px\" \/><\/a><\/p>\n","protected":false},"excerpt":{"rendered":"<p class=\"excerpt\">El Ministerio del Ambiente (MAE), a trav\u00e9s de la Subsecretar\u00eda de Gesti\u00f3n Marina y Costera (SGMC) realiz\u00f3 la recolecci\u00f3n de desechos alojados en las profundidades marinas de \u00e1reas protegidas con el objetivo de aportar a la descontaminaci\u00f3n de los fondos marinos de la zona costera ecuatoriana. La tarea de limpieza se realiz\u00f3 en el Refugio de Vida Silvestre Isla Santa&hellip; <a href=\"https:\/\/www.ambienteyenergia.gob.ec\/ambiente\/mae-realiza-limpieza-del-area-submarina-de-la-isla-santa-clara-el-oro\/\">Read more &rarr;<\/a><\/p>\n","protected":false},"author":13,"featured_media":19536,"comment_status":"open","ping_status":"open","sticky":false,"template":"","format":"standard","meta":{"footnotes":""},"categories":[16,4],"tags":[],"class_list":["post-19535","post","type-post","status-publish","format-standard","has-post-thumbnail","hentry","category-comunicamos","category-noticias","xfolkentry"],"_links":{"self":[{"href":"https:\/\/www.ambienteyenergia.gob.ec\/ambiente\/wp-json\/wp\/v2\/posts\/19535","targetHints":{"allow":["GET"]}}],"collection":[{"href":"https:\/\/www.ambienteyenergia.gob.ec\/ambiente\/wp-json\/wp\/v2\/posts"}],"about":[{"href":"https:\/\/www.ambienteyenergia.gob.ec\/ambiente\/wp-json\/wp\/v2\/types\/post"}],"author":[{"embeddable":true,"href":"https:\/\/www.ambienteyenergia.gob.ec\/ambiente\/wp-json\/wp\/v2\/users\/13"}],"replies":[{"embeddable":true,"href":"https:\/\/www.ambienteyenergia.gob.ec\/ambiente\/wp-json\/wp\/v2\/comments?post=19535"}],"version-history":[{"count":0,"href":"https:\/\/www.ambienteyenergia.gob.ec\/ambiente\/wp-json\/wp\/v2\/posts\/19535\/revisions"}],"wp:featuredmedia":[{"embeddable":true,"href":"https:\/\/www.ambienteyenergia.gob.ec\/ambiente\/wp-json\/wp\/v2\/media\/19536"}],"wp:attachment":[{"href":"https:\/\/www.ambienteyenergia.gob.ec\/ambiente\/wp-json\/wp\/v2\/media?parent=19535"}],"wp:term":[{"taxonomy":"category","embeddable":true,"href":"https:\/\/www.ambienteyenergia.gob.ec\/ambiente\/wp-json\/wp\/v2\/categories?post=19535"},{"taxonomy":"post_tag","embeddable":true,"href":"https:\/\/www.ambienteyenergia.gob.ec\/ambiente\/wp-json\/wp\/v2\/tags?post=19535"}],"curies":[{"name":"wp","href":"https:\/\/api.w.org\/{rel}","templated":true}]}}