{"id":19528,"date":"2014-04-23T09:25:46","date_gmt":"2014-04-23T14:25:46","guid":{"rendered":"http:\/\/www.ambiente.gob.ec\/?p=19528"},"modified":"2014-04-23T09:25:46","modified_gmt":"2014-04-23T14:25:46","slug":"jornadas-de-limpieza-de-playas-en-este-feriado-de-semana-santa","status":"publish","type":"post","link":"https:\/\/www.ambienteyenergia.gob.ec\/ambiente\/jornadas-de-limpieza-de-playas-en-este-feriado-de-semana-santa\/","title":{"rendered":"Jornadas de limpieza de playas en este feriado de Semana Santa"},"content":{"rendered":"<style type=\"text\/css\"><!--\nP { margin-bottom: 0.21cm; }\n--><\/style>\n<p style=\"text-align: justify;\">El Ministerio del Ambiente, a trav\u00e9s de la Direcci\u00f3n Provincial de Ambiente de El Oro en cumplimiento a las actividades establecidas para las Jornada de Limpieza de Playas, en coordinaci\u00f3n con los representantes de los GAD\u00b4s Municipales de Santa Rosa y El Guabo, Prefectura y Presidentes de las Juntas Parroquiales de Jambel\u00ed y Bajo Alto, realizaron diferentes actividades que benefician al cuidado y protecci\u00f3n de los ecosistemas marinos, con el objetivo de asegurar la calidad de vida de la poblaci\u00f3n aleda\u00f1a a las playas.<\/p>\n<p style=\"text-align: justify;\">\nDurante el feriado de Semana Santa, personal provincial del MAE realiz\u00f3 actividades de control y monitoreo constante de las playas de la provincia. Adem\u00e1s se entregaron 1000 costales a los due\u00f1os de lugares de comida formal e informal, carperos y due\u00f1os de locales comerciales como incentivo para apoyar al cuidado de playas.<\/p>\n<p style=\"text-align: justify;\">\nAs\u00ed mismo se socializ\u00f3 a turistas y moradores de los diferentes sectores para mejorar la gesti\u00f3n de los residuos s\u00f3lidos y de esta manera concienciar a la poblaci\u00f3n sobre el correcto manejo de los desechos y evitar as\u00ed nuestras playas sean ensuciadas.<\/p>\n<p style=\"text-align: justify;\">\n<div id='gallery-1' class='gallery galleryid-19528 gallery-columns-3 gallery-size-thumbnail'><dl class='gallery-item'>\n\t\t\t<dt class='gallery-icon landscape'>\n\t\t\t\t<a href='https:\/\/www.ambienteyenergia.gob.ec\/ambiente\/jornadas-de-limpieza-de-playas-en-este-feriado-de-semana-santa\/wp_002398\/'><img loading=\"lazy\" decoding=\"async\" width=\"150\" height=\"150\" src=\"https:\/\/www.ambienteyenergia.gob.ec\/ambiente\/wp-content\/uploads\/sites\/2\/2014\/04\/WP_002398-150x150.jpg\" class=\"attachment-thumbnail size-thumbnail\" alt=\"\" \/><\/a>\n\t\t\t<\/dt><\/dl><dl class='gallery-item'>\n\t\t\t<dt class='gallery-icon landscape'>\n\t\t\t\t<a href='https:\/\/www.ambienteyenergia.gob.ec\/ambiente\/jornadas-de-limpieza-de-playas-en-este-feriado-de-semana-santa\/wp_002422\/'><img loading=\"lazy\" decoding=\"async\" width=\"150\" height=\"150\" src=\"https:\/\/www.ambienteyenergia.gob.ec\/ambiente\/wp-content\/uploads\/sites\/2\/2014\/04\/WP_002422-150x150.jpg\" class=\"attachment-thumbnail size-thumbnail\" alt=\"\" \/><\/a>\n\t\t\t<\/dt><\/dl><dl class='gallery-item'>\n\t\t\t<dt class='gallery-icon landscape'>\n\t\t\t\t<a href='https:\/\/www.ambienteyenergia.gob.ec\/ambiente\/jornadas-de-limpieza-de-playas-en-este-feriado-de-semana-santa\/altaqsrnwg5ras-hei4tc_4vcjcjtuow9bfjnn4qbmqce0l\/'><img loading=\"lazy\" decoding=\"async\" width=\"150\" height=\"150\" src=\"https:\/\/www.ambienteyenergia.gob.ec\/ambiente\/wp-content\/uploads\/sites\/2\/2014\/04\/altAqsRnwg5ras-heI4tC_4VcjcJtuoW9bFjNN4qbmQCE0l-150x150.jpg\" class=\"attachment-thumbnail size-thumbnail\" alt=\"\" \/><\/a>\n\t\t\t<\/dt><\/dl><br style=\"clear: both\" \/><dl class='gallery-item'>\n\t\t\t<dt class='gallery-icon landscape'>\n\t\t\t\t<a href='https:\/\/www.ambienteyenergia.gob.ec\/ambiente\/jornadas-de-limpieza-de-playas-en-este-feriado-de-semana-santa\/altav2_9risv0xrqsvm4mqgsu6g843nfgjgiaat5p9jry4p\/'><img loading=\"lazy\" decoding=\"async\" width=\"150\" height=\"150\" src=\"https:\/\/www.ambienteyenergia.gob.ec\/ambiente\/wp-content\/uploads\/sites\/2\/2014\/04\/altAv2_9RiSv0Xrqsvm4mqgSU6G843NFGJgIAAT5p9JRy4p-150x150.jpg\" class=\"attachment-thumbnail size-thumbnail\" alt=\"\" \/><\/a>\n\t\t\t<\/dt><\/dl>\n\t\t\t<br style='clear: both' \/>\n\t\t<\/div>\n\n<p lang=\"es-EC\" style=\"text-align: justify;\" align=\"JUSTIFY\">\n","protected":false},"excerpt":{"rendered":"<p class=\"excerpt\">El Ministerio del Ambiente, a trav\u00e9s de la Direcci\u00f3n Provincial de Ambiente de El Oro en cumplimiento a las actividades establecidas para las Jornada de Limpieza de Playas, en coordinaci\u00f3n con los representantes de los GAD\u00b4s Municipales de Santa Rosa y El Guabo, Prefectura y Presidentes de las Juntas Parroquiales de Jambel\u00ed y Bajo Alto, realizaron diferentes actividades que benefician&hellip; <a href=\"https:\/\/www.ambienteyenergia.gob.ec\/ambiente\/jornadas-de-limpieza-de-playas-en-este-feriado-de-semana-santa\/\">Read more &rarr;<\/a><\/p>\n","protected":false},"author":13,"featured_media":19529,"comment_status":"open","ping_status":"open","sticky":false,"template":"","format":"standard","meta":{"footnotes":""},"categories":[16,4],"tags":[],"class_list":["post-19528","post","type-post","status-publish","format-standard","has-post-thumbnail","hentry","category-comunicamos","category-noticias","xfolkentry"],"_links":{"self":[{"href":"https:\/\/www.ambienteyenergia.gob.ec\/ambiente\/wp-json\/wp\/v2\/posts\/19528","targetHints":{"allow":["GET"]}}],"collection":[{"href":"https:\/\/www.ambienteyenergia.gob.ec\/ambiente\/wp-json\/wp\/v2\/posts"}],"about":[{"href":"https:\/\/www.ambienteyenergia.gob.ec\/ambiente\/wp-json\/wp\/v2\/types\/post"}],"author":[{"embeddable":true,"href":"https:\/\/www.ambienteyenergia.gob.ec\/ambiente\/wp-json\/wp\/v2\/users\/13"}],"replies":[{"embeddable":true,"href":"https:\/\/www.ambienteyenergia.gob.ec\/ambiente\/wp-json\/wp\/v2\/comments?post=19528"}],"version-history":[{"count":0,"href":"https:\/\/www.ambienteyenergia.gob.ec\/ambiente\/wp-json\/wp\/v2\/posts\/19528\/revisions"}],"wp:featuredmedia":[{"embeddable":true,"href":"https:\/\/www.ambienteyenergia.gob.ec\/ambiente\/wp-json\/wp\/v2\/media\/19529"}],"wp:attachment":[{"href":"https:\/\/www.ambienteyenergia.gob.ec\/ambiente\/wp-json\/wp\/v2\/media?parent=19528"}],"wp:term":[{"taxonomy":"category","embeddable":true,"href":"https:\/\/www.ambienteyenergia.gob.ec\/ambiente\/wp-json\/wp\/v2\/categories?post=19528"},{"taxonomy":"post_tag","embeddable":true,"href":"https:\/\/www.ambienteyenergia.gob.ec\/ambiente\/wp-json\/wp\/v2\/tags?post=19528"}],"curies":[{"name":"wp","href":"https:\/\/api.w.org\/{rel}","templated":true}]}}