{"id":19522,"date":"2014-04-23T08:16:54","date_gmt":"2014-04-23T13:16:54","guid":{"rendered":"http:\/\/www.ambiente.gob.ec\/?p=19522"},"modified":"2014-04-23T08:16:54","modified_gmt":"2014-04-23T13:16:54","slug":"mae-pastaza-participo-activamente-del-dia-de-la-tierra","status":"publish","type":"post","link":"https:\/\/www.ambienteyenergia.gob.ec\/ambiente\/mae-pastaza-participo-activamente-del-dia-de-la-tierra\/","title":{"rendered":"MAE  Pastaza particip\u00f3 activamente del D\u00eda de la Tierra"},"content":{"rendered":"<p style=\"text-align: justify;\">Hoy, el Ministerio del Ambiente (MAE), en coordinaci\u00f3n con la Defensor\u00eda del Pueblo y la Casa de la Cultura N\u00facleo de Pastaza, organiz\u00f3 una casa abierta por el D\u00eda Internacional de la Madre Tierra y los derechos de la naturaleza, en la que participaron\u00a0 varias instituciones educativas de la provincia de Pastaza, presentando sus ponencias.<\/p>\n<p style=\"text-align: justify;\">\nEl prop\u00f3sito fundamental de este evento fue concienciar a la ciudadan\u00eda sobre la importancia de conservar los recursos naturales.<\/p>\n<p style=\"text-align: justify;\">Como parte de esta jornada, se realiz\u00f3 un foro sobre varios temas, en el que los j\u00f3venes asistentes mostraron gran inter\u00e9s.<\/p>\n<p style=\"text-align: justify;\">Adem\u00e1s, t\u00e9cnicos de la Direcci\u00f3n Provincial del Ambiente de Pastaza expusieron sobre el cuidado de la tierra mediante la incorporaci\u00f3n de buenas pr\u00e1cticas ambientales.<\/p>\n<p style=\"text-align: justify;\">\nDe la misma forma, a lo largo del d\u00eda se realizaron actividades simult\u00e1neas en la provincia como la siembra de 100 plantas de laurel, guadua, chuncho y guayac\u00e1n, en el barrio Amazonas, junto al Estero Citayacu. Esta actividad se ejecut\u00f3 con el apoyo de los j\u00f3venes del Servicio Civil Ciudadano, quienes velar\u00e1n por el cuidado, mantenimiento y limpieza de cada planta.<\/p>\n","protected":false},"excerpt":{"rendered":"<p class=\"excerpt\">Hoy, el Ministerio del Ambiente (MAE), en coordinaci\u00f3n con la Defensor\u00eda del Pueblo y la Casa de la Cultura N\u00facleo de Pastaza, organiz\u00f3 una casa abierta por el D\u00eda Internacional de la Madre Tierra y los derechos de la naturaleza, en la que participaron\u00a0 varias instituciones educativas de la provincia de Pastaza, presentando sus ponencias. El prop\u00f3sito fundamental de este&hellip; <a href=\"https:\/\/www.ambienteyenergia.gob.ec\/ambiente\/mae-pastaza-participo-activamente-del-dia-de-la-tierra\/\">Read more &rarr;<\/a><\/p>\n","protected":false},"author":13,"featured_media":19523,"comment_status":"open","ping_status":"open","sticky":false,"template":"","format":"standard","meta":{"footnotes":""},"categories":[16,4],"tags":[],"class_list":["post-19522","post","type-post","status-publish","format-standard","has-post-thumbnail","hentry","category-comunicamos","category-noticias","xfolkentry"],"_links":{"self":[{"href":"https:\/\/www.ambienteyenergia.gob.ec\/ambiente\/wp-json\/wp\/v2\/posts\/19522","targetHints":{"allow":["GET"]}}],"collection":[{"href":"https:\/\/www.ambienteyenergia.gob.ec\/ambiente\/wp-json\/wp\/v2\/posts"}],"about":[{"href":"https:\/\/www.ambienteyenergia.gob.ec\/ambiente\/wp-json\/wp\/v2\/types\/post"}],"author":[{"embeddable":true,"href":"https:\/\/www.ambienteyenergia.gob.ec\/ambiente\/wp-json\/wp\/v2\/users\/13"}],"replies":[{"embeddable":true,"href":"https:\/\/www.ambienteyenergia.gob.ec\/ambiente\/wp-json\/wp\/v2\/comments?post=19522"}],"version-history":[{"count":0,"href":"https:\/\/www.ambienteyenergia.gob.ec\/ambiente\/wp-json\/wp\/v2\/posts\/19522\/revisions"}],"wp:featuredmedia":[{"embeddable":true,"href":"https:\/\/www.ambienteyenergia.gob.ec\/ambiente\/wp-json\/wp\/v2\/media\/19523"}],"wp:attachment":[{"href":"https:\/\/www.ambienteyenergia.gob.ec\/ambiente\/wp-json\/wp\/v2\/media?parent=19522"}],"wp:term":[{"taxonomy":"category","embeddable":true,"href":"https:\/\/www.ambienteyenergia.gob.ec\/ambiente\/wp-json\/wp\/v2\/categories?post=19522"},{"taxonomy":"post_tag","embeddable":true,"href":"https:\/\/www.ambienteyenergia.gob.ec\/ambiente\/wp-json\/wp\/v2\/tags?post=19522"}],"curies":[{"name":"wp","href":"https:\/\/api.w.org\/{rel}","templated":true}]}}