{"id":19516,"date":"2014-04-22T21:55:17","date_gmt":"2014-04-23T02:55:17","guid":{"rendered":"http:\/\/www.ambiente.gob.ec\/?p=19516"},"modified":"2014-04-22T21:55:17","modified_gmt":"2014-04-23T02:55:17","slug":"ministra-lorena-tapia-participo-en-la-entrega-de-premios-verdes","status":"publish","type":"post","link":"https:\/\/www.ambienteyenergia.gob.ec\/ambiente\/ministra-lorena-tapia-participo-en-la-entrega-de-premios-verdes\/","title":{"rendered":"Ministra Lorena Tapia particip\u00f3 en la entrega de Premios Verdes"},"content":{"rendered":"<p style=\"text-align: justify;\">Hoy, la Ministra del Ambiente, Lorena Tapia, particip\u00f3 en el evento de entrega de los Premios Verdes, iniciativas concursables, no reembolsables impulsadas por el Banco del Estado, que este a\u00f1o entregar\u00e1n alrededor de USD 1 mill\u00f3n. El evento se desarroll\u00f3 en el Centro de Convenciones Eugenio Espejo y cont\u00f3 con la presencia de diferentes autoridades locales y representantes de instituciones relacionadas con el ambiente a nivel nacional.<\/p>\n<p style=\"text-align: justify;\">\u201cEs un honor, como Autoridad Ambiental del pa\u00eds, participar de tan importante reconocimiento, definitivamente, la iniciativa de Premios Verdes que lleva adelante el Banco del Estado promueve, sin lugar a dudas, la sostenibilidad ambiental\u201d, asegur\u00f3 la Ministra Tapia en su intervenci\u00f3n.<\/p>\n<p style=\"text-align: justify;\">Este reconocimiento busca, principalmente, fomentar en la ciudadan\u00eda y sus colectivos buenas pr\u00e1cticas por medio de proyectos para la conservaci\u00f3n ambiental y espacios de convivencia naturales. En este sentido, el Banco del Estado ha seleccionado 10 propuestas provenientes de diferentes Gobiernos Aut\u00f3nomos Descentralizados (GAD&#8217;s) a nivel nacional.<\/p>\n<p style=\"text-align: justify;\">Expertos en materia ambiental y de preservaci\u00f3n de recursos naturales, calificaron par\u00e1metros de innovaci\u00f3n, creatividad, impacto ambiental, modelo de negocio y principalmente el beneficio a la comunidad; para definir a los GAD&#8217;s finalistas, cuyos representantes expusieron sus proyectos a una Comisi\u00f3n Calificadora integrada por diferentes autoridades gubernamentales relacionadas con el manejo del ambiente.<\/p>\n<p style=\"text-align: justify;\">En ese sentido, Ver\u00f3nica Gallardo Aguirre, Gerente del Banco del Estado, agradeci\u00f3 a todos los GAD&#8217;s participantes por ser parte de esta segunda iniciativa promovida con el objetivo de incentivar el manejo estrat\u00e9gico de \u00e1reas protegidas, cuencas hidrogr\u00e1ficas, parques ecol\u00f3gicos, ciclov\u00edas y proyectos de arborizaci\u00f3n a nivel nacional.<\/p>\n<p style=\"text-align: justify;\">La Ministra Tapia felicit\u00f3 la propuesta del Banco del Estado, resaltando el compromiso de las instituciones p\u00fablicas por sumarse a los proyectos impulsados por el Ministerio del Ambiente del Ecuador (MAE), de forma directa o indirecta, para apoyar y financiar a los actores sociales que protegen su entorno y pretenden hacerlo ambientalmente amigable para los moradores de los sectores involucrados.<\/p>\n<p style=\"text-align: justify;\">\u201cComo Autoridad Ambiental debemos reconocer el trabajo que los GAD&#8217;s han ejecutado, pensando en las nuevas oportunidades de cambio en la matriz productiva y en la conciencia ambiental a nivel nacional, pues ahora es un hito importante su conservaci\u00f3n y restauraci\u00f3n. Lo menciono porque hay varias iniciativas que provienen de ustedes, nuestros nuevos aliados estrat\u00e9gicos\u201d, enfatiz\u00f3 Tapia.<\/p>\n<p style=\"text-align: justify;\">Este tipo de proyectos son beneficiosos porque permiten identificar y apoyar iniciativas productivas que mitiguen la presi\u00f3n y contribuyan a la conservaci\u00f3n del planeta.<\/p>\n","protected":false},"excerpt":{"rendered":"<p class=\"excerpt\">Hoy, la Ministra del Ambiente, Lorena Tapia, particip\u00f3 en el evento de entrega de los Premios Verdes, iniciativas concursables, no reembolsables impulsadas por el Banco del Estado, que este a\u00f1o entregar\u00e1n alrededor de USD 1 mill\u00f3n. El evento se desarroll\u00f3 en el Centro de Convenciones Eugenio Espejo y cont\u00f3 con la presencia de diferentes autoridades locales y representantes de instituciones&hellip; <a href=\"https:\/\/www.ambienteyenergia.gob.ec\/ambiente\/ministra-lorena-tapia-participo-en-la-entrega-de-premios-verdes\/\">Read more &rarr;<\/a><\/p>\n","protected":false},"author":13,"featured_media":19517,"comment_status":"open","ping_status":"open","sticky":false,"template":"","format":"standard","meta":{"footnotes":""},"categories":[16,4],"tags":[461,108,53,462],"class_list":["post-19516","post","type-post","status-publish","format-standard","has-post-thumbnail","hentry","category-comunicamos","category-noticias","tag-banco-del-estado","tag-lorena-tapia","tag-mae","tag-premiso-verdes","xfolkentry"],"_links":{"self":[{"href":"https:\/\/www.ambienteyenergia.gob.ec\/ambiente\/wp-json\/wp\/v2\/posts\/19516","targetHints":{"allow":["GET"]}}],"collection":[{"href":"https:\/\/www.ambienteyenergia.gob.ec\/ambiente\/wp-json\/wp\/v2\/posts"}],"about":[{"href":"https:\/\/www.ambienteyenergia.gob.ec\/ambiente\/wp-json\/wp\/v2\/types\/post"}],"author":[{"embeddable":true,"href":"https:\/\/www.ambienteyenergia.gob.ec\/ambiente\/wp-json\/wp\/v2\/users\/13"}],"replies":[{"embeddable":true,"href":"https:\/\/www.ambienteyenergia.gob.ec\/ambiente\/wp-json\/wp\/v2\/comments?post=19516"}],"version-history":[{"count":0,"href":"https:\/\/www.ambienteyenergia.gob.ec\/ambiente\/wp-json\/wp\/v2\/posts\/19516\/revisions"}],"wp:featuredmedia":[{"embeddable":true,"href":"https:\/\/www.ambienteyenergia.gob.ec\/ambiente\/wp-json\/wp\/v2\/media\/19517"}],"wp:attachment":[{"href":"https:\/\/www.ambienteyenergia.gob.ec\/ambiente\/wp-json\/wp\/v2\/media?parent=19516"}],"wp:term":[{"taxonomy":"category","embeddable":true,"href":"https:\/\/www.ambienteyenergia.gob.ec\/ambiente\/wp-json\/wp\/v2\/categories?post=19516"},{"taxonomy":"post_tag","embeddable":true,"href":"https:\/\/www.ambienteyenergia.gob.ec\/ambiente\/wp-json\/wp\/v2\/tags?post=19516"}],"curies":[{"name":"wp","href":"https:\/\/api.w.org\/{rel}","templated":true}]}}