{"id":19514,"date":"2014-04-22T21:19:56","date_gmt":"2014-04-23T02:19:56","guid":{"rendered":"http:\/\/www.ambiente.gob.ec\/?p=19514"},"modified":"2014-04-22T21:19:56","modified_gmt":"2014-04-23T02:19:56","slug":"ministra-lorena-tapia-no-se-escatimaran-esfuerzos-para-ubicar-al-responsable-de-muerte-de-condor-felipe","status":"publish","type":"post","link":"https:\/\/www.ambienteyenergia.gob.ec\/ambiente\/ministra-lorena-tapia-no-se-escatimaran-esfuerzos-para-ubicar-al-responsable-de-muerte-de-condor-felipe\/","title":{"rendered":"Ministra Lorena Tapia: \u201cNo se escatimar\u00e1n esfuerzos para ubicar al responsable de muerte de c\u00f3ndor Felipe\u201d"},"content":{"rendered":"<p style=\"text-align: justify;\">Hoy, la Ministra del Ambiente, Lorena Tapia, respondi\u00f3 algunas inquietudes de los medios de comunicaci\u00f3n, respecto a la muerte del c\u00f3ndor &#8216;Felipe&#8217;, ave emblem\u00e1tica y de vital importancia para el Ministerio del Ambiente (MAE), porque fue el primero de su especie en ser liberado y monitoreado con un rastreador satelital, proporcionando un aporte invaluable para la investigaci\u00f3n de estos animales en el pa\u00eds.<\/p>\n<p style=\"text-align: justify;\">Si bien el hecho es lamentable, la M\u00e1xima Autoridad Ambiental se comprometi\u00f3 a coordinar acciones para dar con el paradero del presunto culpable de la muerte de &#8216;Felipe&#8217;. \u201cEste acto sin duda debe ser condenado por todos los ecuatorianos\u201d, asegur\u00f3.<\/p>\n<p style=\"text-align: justify;\">Asimismo, afirm\u00f3 que no se escatimar\u00e1n esfuerzos para ubicar al responsable como se lo hizo con el caso del c\u00f3ndor asesinado en la provincia de Azuay en 2013. La Ministra recalc\u00f3 que como MAE se robustecer\u00e1 el trabajo en educaci\u00f3n ambiental, una de las l\u00edneas de acci\u00f3n de la Estrategia Nacional del C\u00f3ndor, para que sea un compromiso de todos los ecuatorianos conservar la fauna silvestre, y, m\u00e1s a\u00fan, una especie como el c\u00f3ndor que est\u00e1 en peligro de extinci\u00f3n. \u201cFortaleceremos este aspecto, en el que trabajamos de manera constante no solo en el \u00e1mbito de la coyuntura\u201d, reiter\u00f3 Tapia.<\/p>\n<p style=\"text-align: justify;\">El c\u00f3ndor es una especie en peligro y el Ecuador es signatario de diferentes convenios internacionales que exigen su protecci\u00f3n. Pero -adem\u00e1s-, explic\u00f3 Tapia \u201cla normativa ecuatoriana es muy clara con relaci\u00f3n a las sanciones. El c\u00f3digo penal establece prisi\u00f3n que va de tres a cuatro a\u00f1os y en el caso puntual del c\u00f3ndor puede llegar hasta cinco por ser una especie en peligro de extinci\u00f3n\u201d.<\/p>\n<p style=\"text-align: justify;\">Por otro lado, la Ministra Tapia aclar\u00f3 por qu\u00e9 el Ministerio del Ambiente se tom\u00f3 su tiempo en hacer p\u00fablico de este lamentable suceso. \u201cNo se trata de ocultar informaci\u00f3n sino que dentro del \u00e1mbito de investigaci\u00f3n hay un proceso que es reservado, y justamente, el \u00e9xito de poder haber retenido al anterior responsable de la muerte del c\u00f3ndor de Azuay fue la prudencia en emitir detalles del acontecimiento y as\u00ed evitar la fuga de los presuntos culpables\u201d.<\/p>\n<p style=\"text-align: justify;\">Al igual que en el caso anterior del c\u00f3ndor de Azuay, se articularon y coordinaron acciones con la Polic\u00eda Nacional y con la Fiscal\u00eda. El MAE present\u00f3 una acusaci\u00f3n particular y se har\u00e1 un seguimiento exhaustivo. \u201cLa muerte de &#8216;Felipe&#8217; permitir\u00e1 fortalecer acciones para prevenir y evitar hechos tan lamentables como este, ese es nuestro compromiso\u201d, asever\u00f3 la Secretaria de Estado.<\/p>\n<p style=\"text-align: justify;\">Finalmente, la Ministra Tapia hizo un llamado a las autoridades locales que estaban presentes para que participen y ayuden a replicar este esfuerzo de la Autoridad Ambiental. \u201cUstedes tambi\u00e9n son nuestros aliados para generar conciencia respecto a las especies que se encuentran en peligro y sobre lo importante que es para el Ecuador proteger al c\u00f3ndor\u201d<\/p>\n","protected":false},"excerpt":{"rendered":"<p class=\"excerpt\">Hoy, la Ministra del Ambiente, Lorena Tapia, respondi\u00f3 algunas inquietudes de los medios de comunicaci\u00f3n, respecto a la muerte del c\u00f3ndor &#8216;Felipe&#8217;, ave emblem\u00e1tica y de vital importancia para el Ministerio del Ambiente (MAE), porque fue el primero de su especie en ser liberado y monitoreado con un rastreador satelital, proporcionando un aporte invaluable para la investigaci\u00f3n de estos animales&hellip; <a href=\"https:\/\/www.ambienteyenergia.gob.ec\/ambiente\/ministra-lorena-tapia-no-se-escatimaran-esfuerzos-para-ubicar-al-responsable-de-muerte-de-condor-felipe\/\">Read more &rarr;<\/a><\/p>\n","protected":false},"author":13,"featured_media":19455,"comment_status":"open","ping_status":"open","sticky":false,"template":"","format":"standard","meta":{"footnotes":""},"categories":[16,4],"tags":[403,460,108,53],"class_list":["post-19514","post","type-post","status-publish","format-standard","has-post-thumbnail","hentry","category-comunicamos","category-noticias","tag-biodiversidad","tag-condor-felipe","tag-lorena-tapia","tag-mae","xfolkentry"],"_links":{"self":[{"href":"https:\/\/www.ambienteyenergia.gob.ec\/ambiente\/wp-json\/wp\/v2\/posts\/19514","targetHints":{"allow":["GET"]}}],"collection":[{"href":"https:\/\/www.ambienteyenergia.gob.ec\/ambiente\/wp-json\/wp\/v2\/posts"}],"about":[{"href":"https:\/\/www.ambienteyenergia.gob.ec\/ambiente\/wp-json\/wp\/v2\/types\/post"}],"author":[{"embeddable":true,"href":"https:\/\/www.ambienteyenergia.gob.ec\/ambiente\/wp-json\/wp\/v2\/users\/13"}],"replies":[{"embeddable":true,"href":"https:\/\/www.ambienteyenergia.gob.ec\/ambiente\/wp-json\/wp\/v2\/comments?post=19514"}],"version-history":[{"count":0,"href":"https:\/\/www.ambienteyenergia.gob.ec\/ambiente\/wp-json\/wp\/v2\/posts\/19514\/revisions"}],"wp:featuredmedia":[{"embeddable":true,"href":"https:\/\/www.ambienteyenergia.gob.ec\/ambiente\/wp-json\/wp\/v2\/media\/19455"}],"wp:attachment":[{"href":"https:\/\/www.ambienteyenergia.gob.ec\/ambiente\/wp-json\/wp\/v2\/media?parent=19514"}],"wp:term":[{"taxonomy":"category","embeddable":true,"href":"https:\/\/www.ambienteyenergia.gob.ec\/ambiente\/wp-json\/wp\/v2\/categories?post=19514"},{"taxonomy":"post_tag","embeddable":true,"href":"https:\/\/www.ambienteyenergia.gob.ec\/ambiente\/wp-json\/wp\/v2\/tags?post=19514"}],"curies":[{"name":"wp","href":"https:\/\/api.w.org\/{rel}","templated":true}]}}