{"id":19510,"date":"2014-04-22T16:47:01","date_gmt":"2014-04-22T21:47:01","guid":{"rendered":"http:\/\/www.ambiente.gob.ec\/?p=19510"},"modified":"2014-04-22T16:47:01","modified_gmt":"2014-04-22T21:47:01","slug":"dpng-reforesto-una-hectarea-con-400-especies-nativas-por-el-dia-de-la-tierra","status":"publish","type":"post","link":"https:\/\/www.ambienteyenergia.gob.ec\/ambiente\/dpng-reforesto-una-hectarea-con-400-especies-nativas-por-el-dia-de-la-tierra\/","title":{"rendered":"DPNG reforest\u00f3 una hect\u00e1rea con 400 especies nativas por el D\u00eda de la Tierra"},"content":{"rendered":"<p style=\"text-align: justify;\">La Autoridad Ambiental propici\u00f3 la formaci\u00f3n de un nuevo h\u00e1bitat para las aves en el vivero forestal.<\/p>\n<p style=\"text-align: justify;\">\n<p style=\"text-align: justify;\">Por conmemorar el D\u00eda Internacional de la Tierra, la Direcci\u00f3n del Parque Nacional Gal\u00e1pagos (DPNG) coordin\u00f3 varias actividades para motivar a la ciudadan\u00eda a participar de acciones que beneficien al planeta, generando un mensaje com\u00fan sobre la responsabilidad universal de su cuidado.<\/p>\n<p style=\"text-align: justify;\">\n<p style=\"text-align: justify;\">La comunidad local, a trav\u00e9s de pescadores, gu\u00edas, j\u00f3venes del club de ciclismo de monta\u00f1a y del club ecol\u00f3gico Mola Mola, adem\u00e1s de guardaparques, crearon un nuevo h\u00e1bitat para las aves de Gal\u00e1pagos, en un espacio de una hect\u00e1rea junto al vivero forestal, ubicado en la parte alta de la isla Santa Cruz.<\/p>\n<p style=\"text-align: justify;\">\n<p style=\"text-align: justify;\">En la actividad participaron alrededor de 50 personas, que divididos en grupos, procedieron al desbroce de maleza del \u00e1rea, preparaci\u00f3n del suelo y reforestaci\u00f3n con 300 pl\u00e1ntulas de <i>Scalesia pedunculata<\/i> (lechoso) y 100 de <i>Psychotria rufipes<\/i> (cafetillo), especies end\u00e9micas propias de la zona h\u00fameda.<\/p>\n<p style=\"text-align: justify;\">\n<p style=\"text-align: justify;\">El \u00e1rea intervenida en pocos a\u00f1os se convertir\u00e1 en un h\u00e1bitat natural para las aves de la zona, pero hoy es la muestra del compromiso de los habitantes de Gal\u00e1pagos por cuidar y respetar el planeta.<\/p>\n<p style=\"text-align: justify;\">\n<p style=\"text-align: justify;\">Por otro lado, en San Crist\u00f3bal, los guardaparques, con el apoyo de Municipio, trabajaron en las calles del barrio Los Cactus en donde limpiaron, pintaron y reforestaron las \u00e1reas verdes del lugar. Los moradores al ver\u00a0 la acci\u00f3n de la Autoridad Ambiental se sumaron a la iniciativa con material y personal.<\/p>\n<p style=\"text-align: justify;\">\n<p style=\"text-align: justify;\">El D\u00eda Internacional de la Tierra se celebra cada 22 de abril, con el objetivo de concienciar a la humanidad sobre la necesidad de tomar acciones para proteger el planeta de problem\u00e1ticas que pueden afectarla como la sobrepoblaci\u00f3n, la contaminaci\u00f3n y dem\u00e1s preocupaciones ambientales.<\/p>\n","protected":false},"excerpt":{"rendered":"<p class=\"excerpt\">La Autoridad Ambiental propici\u00f3 la formaci\u00f3n de un nuevo h\u00e1bitat para las aves en el vivero forestal. Por conmemorar el D\u00eda Internacional de la Tierra, la Direcci\u00f3n del Parque Nacional Gal\u00e1pagos (DPNG) coordin\u00f3 varias actividades para motivar a la ciudadan\u00eda a participar de acciones que beneficien al planeta, generando un mensaje com\u00fan sobre la responsabilidad universal de su cuidado. La&hellip; <a href=\"https:\/\/www.ambienteyenergia.gob.ec\/ambiente\/dpng-reforesto-una-hectarea-con-400-especies-nativas-por-el-dia-de-la-tierra\/\">Read more &rarr;<\/a><\/p>\n","protected":false},"author":13,"featured_media":19511,"comment_status":"open","ping_status":"open","sticky":false,"template":"","format":"standard","meta":{"footnotes":""},"categories":[16,4],"tags":[],"class_list":["post-19510","post","type-post","status-publish","format-standard","has-post-thumbnail","hentry","category-comunicamos","category-noticias","xfolkentry"],"_links":{"self":[{"href":"https:\/\/www.ambienteyenergia.gob.ec\/ambiente\/wp-json\/wp\/v2\/posts\/19510","targetHints":{"allow":["GET"]}}],"collection":[{"href":"https:\/\/www.ambienteyenergia.gob.ec\/ambiente\/wp-json\/wp\/v2\/posts"}],"about":[{"href":"https:\/\/www.ambienteyenergia.gob.ec\/ambiente\/wp-json\/wp\/v2\/types\/post"}],"author":[{"embeddable":true,"href":"https:\/\/www.ambienteyenergia.gob.ec\/ambiente\/wp-json\/wp\/v2\/users\/13"}],"replies":[{"embeddable":true,"href":"https:\/\/www.ambienteyenergia.gob.ec\/ambiente\/wp-json\/wp\/v2\/comments?post=19510"}],"version-history":[{"count":0,"href":"https:\/\/www.ambienteyenergia.gob.ec\/ambiente\/wp-json\/wp\/v2\/posts\/19510\/revisions"}],"wp:featuredmedia":[{"embeddable":true,"href":"https:\/\/www.ambienteyenergia.gob.ec\/ambiente\/wp-json\/wp\/v2\/media\/19511"}],"wp:attachment":[{"href":"https:\/\/www.ambienteyenergia.gob.ec\/ambiente\/wp-json\/wp\/v2\/media?parent=19510"}],"wp:term":[{"taxonomy":"category","embeddable":true,"href":"https:\/\/www.ambienteyenergia.gob.ec\/ambiente\/wp-json\/wp\/v2\/categories?post=19510"},{"taxonomy":"post_tag","embeddable":true,"href":"https:\/\/www.ambienteyenergia.gob.ec\/ambiente\/wp-json\/wp\/v2\/tags?post=19510"}],"curies":[{"name":"wp","href":"https:\/\/api.w.org\/{rel}","templated":true}]}}