{"id":19495,"date":"2014-04-22T13:59:02","date_gmt":"2014-04-22T18:59:02","guid":{"rendered":"http:\/\/www.ambiente.gob.ec\/?p=19495"},"modified":"2014-05-02T11:25:44","modified_gmt":"2014-05-02T16:25:44","slug":"ministra-lorena-tapia-suscribio-convenios-de-restauracion-forestal-con-46-gads","status":"publish","type":"post","link":"https:\/\/www.ambienteyenergia.gob.ec\/ambiente\/ministra-lorena-tapia-suscribio-convenios-de-restauracion-forestal-con-46-gads\/","title":{"rendered":"Ministra Lorena Tapia suscribi\u00f3 convenios de Restauraci\u00f3n Forestal con 46 GAD"},"content":{"rendered":"<p style=\"text-align: justify;\">Hoy, en el marco del D\u00eda Internacional de la Madre Tierra, la Ministra del Ambiente, Lorena Tapia, suscribi\u00f3 varios convenios de Restauraci\u00f3n Activa con 46 Gobiernos Aut\u00f3nomos Descentralizados (GAD) de todo el pa\u00eds, con el prop\u00f3sito de recuperar la cobertura vegetal, a trav\u00e9s de un manejo integral del paisaje forestal, lo que permitir\u00e1 a m\u00e1s de conservar los recursos naturales, mejorar las condiciones de vida de la poblaci\u00f3n.<\/p>\n<p style=\"text-align: justify;\">En su intervenci\u00f3n, la M\u00e1xima Autoridad Ambiental, expres\u00f3 su satisfacci\u00f3n al suscribir estos convenios que ser\u00e1n el inicio de una ambiciosa campa\u00f1a de reforestaci\u00f3n a nivel nacional. \u00abJunto con el Presidente Rafael Correa hemos determinado la responsabilidad de recuperar toda aquella deforestaci\u00f3n hist\u00f3rica que el Ecuador ha acumulado y que fue absolutamente ignorada por gobiernos anteriores\u00bb, asegur\u00f3.<\/p>\n<p style=\"text-align: justify;\">Por su parte, Christian Ter\u00e1n, Subsecretario de Patrimonio Natural del MAE, afirm\u00f3 que es importante generar un tema de corresponsabilidad con los GAD, pues son actores primordiales para el cumplimento de esta meta.<\/p>\n<p style=\"text-align: justify;\">En ese sentido, el Ministerio del Ambiente del Ecuador (MAE), a trav\u00e9s del Programa Socio Bosque, recibi\u00f3 alrededor de 87 propuestas de los GAD para la recuperaci\u00f3n de cerca de 25 000 hect\u00e1reas. De \u00e9stas, se eligieron a 44 proyectos de restauraci\u00f3n forestal de las provincias de Esmeraldas, Manab\u00ed, Guayas, Santa Elena, Pichincha, Imbabura, Carchi, Cotopaxi, Santo Domingo de los Ts\u00e1chilas, Chimborazo, Bol\u00edvar, Ca\u00f1ar, Azuay, Loja, Orellana, Zamora Chinchipe y Los R\u00edos.<\/p>\n<p style=\"text-align: justify;\">\u00abUstedes como autoridades locales son fundamentales para empoderar a los ciudadanos de la enorme importancia de recuperar nuestra cobertura vegetal. Estamos hablando de una meta de 100 mil hect\u00e1reas para el 2014, con ello, estar\u00edamos quintuplicando el n\u00famero de espacios reforestados en el pasado\u00bb, ratific\u00f3 Tapia.<\/p>\n<p style=\"text-align: justify;\">Esta Cartera de Estado promueve la recuperaci\u00f3n de los ecosistemas vivos como uno de los ejes principales de la gesti\u00f3n ambiental, por ello, es fundamental vincular a todos los actores posibles a fin de que se puedan sumar a esta propuesta.<\/p>\n<p style=\"text-align: justify;\">\u00abEs importante que nosotros como Gobiernos Aut\u00f3nomos Descentralizados seamos parte del cuidado ambiental, que no solo es tarea del Ministerio del Ambiente, sino de todos quienes vivimos en este planeta\u00bb, se\u00f1al\u00f3 Diego Garc\u00eda, Prefecto Provincial de Imbabura.<\/p>\n<p style=\"text-align: justify;\">Asimismo, Oswaldo Merch\u00e1n, Presidente del Consejo Nacional de Gobiernos Parroquiales Rurales del Ecuador (CONAGOPARE), asegur\u00f3 que esta iniciativa \u00abes una gran oportunidad para poder fortalecer la ruralidad y para convertir nuevamente a nuestro pa\u00eds en lo que fue, un Ecuador Verde, en donde todos los ecuatorianos podamos vivir dignamente\u00bb.<\/p>\n<p style=\"text-align: justify;\">Finalmente, la Secretar\u00eda de Estado, agradeci\u00f3 la participaci\u00f3n y la voluntad pol\u00edtica de los\u00a0GAD al apoyar este proyecto e invit\u00f3 a todos a sumarse a esta iniciativa ambiental liderada por el MAE.<\/p>\n<div id='gallery-1' class='gallery galleryid-19495 gallery-columns-3 gallery-size-thumbnail'><dl class='gallery-item'>\n\t\t\t<dt class='gallery-icon landscape'>\n\t\t\t\t<a href='https:\/\/www.ambienteyenergia.gob.ec\/ambiente\/ministra-lorena-tapia-suscribio-convenios-de-restauracion-forestal-con-46-gads\/img_1132-2\/'><img loading=\"lazy\" decoding=\"async\" width=\"150\" height=\"150\" src=\"https:\/\/www.ambienteyenergia.gob.ec\/ambiente\/wp-content\/uploads\/sites\/2\/2014\/04\/IMG_1132-150x150.jpg\" class=\"attachment-thumbnail size-thumbnail\" alt=\"\" \/><\/a>\n\t\t\t<\/dt><\/dl><dl class='gallery-item'>\n\t\t\t<dt class='gallery-icon landscape'>\n\t\t\t\t<a href='https:\/\/www.ambienteyenergia.gob.ec\/ambiente\/ministra-lorena-tapia-suscribio-convenios-de-restauracion-forestal-con-46-gads\/img_1113\/'><img loading=\"lazy\" decoding=\"async\" width=\"150\" height=\"150\" src=\"https:\/\/www.ambienteyenergia.gob.ec\/ambiente\/wp-content\/uploads\/sites\/2\/2014\/04\/IMG_1113-150x150.jpg\" class=\"attachment-thumbnail size-thumbnail\" alt=\"\" \/><\/a>\n\t\t\t<\/dt><\/dl><dl class='gallery-item'>\n\t\t\t<dt class='gallery-icon landscape'>\n\t\t\t\t<a href='https:\/\/www.ambienteyenergia.gob.ec\/ambiente\/ministra-lorena-tapia-suscribio-convenios-de-restauracion-forestal-con-46-gads\/img_1064\/'><img loading=\"lazy\" decoding=\"async\" width=\"150\" height=\"150\" src=\"https:\/\/www.ambienteyenergia.gob.ec\/ambiente\/wp-content\/uploads\/sites\/2\/2014\/04\/IMG_1064-150x150.jpg\" class=\"attachment-thumbnail size-thumbnail\" alt=\"\" \/><\/a>\n\t\t\t<\/dt><\/dl><br style=\"clear: both\" \/><dl class='gallery-item'>\n\t\t\t<dt class='gallery-icon landscape'>\n\t\t\t\t<a href='https:\/\/www.ambienteyenergia.gob.ec\/ambiente\/ministra-lorena-tapia-suscribio-convenios-de-restauracion-forestal-con-46-gads\/img_0993\/'><img loading=\"lazy\" decoding=\"async\" width=\"150\" height=\"150\" src=\"https:\/\/www.ambienteyenergia.gob.ec\/ambiente\/wp-content\/uploads\/sites\/2\/2014\/04\/IMG_0993-150x150.jpg\" class=\"attachment-thumbnail size-thumbnail\" alt=\"\" \/><\/a>\n\t\t\t<\/dt><\/dl><dl class='gallery-item'>\n\t\t\t<dt class='gallery-icon landscape'>\n\t\t\t\t<a href='https:\/\/www.ambienteyenergia.gob.ec\/ambiente\/ministra-lorena-tapia-suscribio-convenios-de-restauracion-forestal-con-46-gads\/img_0874\/'><img loading=\"lazy\" decoding=\"async\" width=\"150\" height=\"150\" src=\"https:\/\/www.ambienteyenergia.gob.ec\/ambiente\/wp-content\/uploads\/sites\/2\/2014\/04\/IMG_0874-150x150.jpg\" class=\"attachment-thumbnail size-thumbnail\" alt=\"\" \/><\/a>\n\t\t\t<\/dt><\/dl>\n\t\t\t<br style='clear: both' \/>\n\t\t<\/div>\n\n","protected":false},"excerpt":{"rendered":"<p class=\"excerpt\">Hoy, en el marco del D\u00eda Internacional de la Madre Tierra, la Ministra del Ambiente, Lorena Tapia, suscribi\u00f3 varios convenios de Restauraci\u00f3n Activa con 46 Gobiernos Aut\u00f3nomos Descentralizados (GAD) de todo el pa\u00eds, con el prop\u00f3sito de recuperar la cobertura vegetal, a trav\u00e9s de un manejo integral del paisaje forestal, lo que permitir\u00e1 a m\u00e1s de conservar los recursos naturales,&hellip; <a href=\"https:\/\/www.ambienteyenergia.gob.ec\/ambiente\/ministra-lorena-tapia-suscribio-convenios-de-restauracion-forestal-con-46-gads\/\">Read more &rarr;<\/a><\/p>\n","protected":false},"author":13,"featured_media":19496,"comment_status":"open","ping_status":"open","sticky":false,"template":"","format":"standard","meta":{"footnotes":""},"categories":[16,4],"tags":[108,53,54,459,52],"class_list":["post-19495","post","type-post","status-publish","format-standard","has-post-thumbnail","hentry","category-comunicamos","category-noticias","tag-lorena-tapia","tag-mae","tag-ministerio-del-ambiente","tag-restauracion-forestal","tag-socio-bosque","xfolkentry"],"_links":{"self":[{"href":"https:\/\/www.ambienteyenergia.gob.ec\/ambiente\/wp-json\/wp\/v2\/posts\/19495","targetHints":{"allow":["GET"]}}],"collection":[{"href":"https:\/\/www.ambienteyenergia.gob.ec\/ambiente\/wp-json\/wp\/v2\/posts"}],"about":[{"href":"https:\/\/www.ambienteyenergia.gob.ec\/ambiente\/wp-json\/wp\/v2\/types\/post"}],"author":[{"embeddable":true,"href":"https:\/\/www.ambienteyenergia.gob.ec\/ambiente\/wp-json\/wp\/v2\/users\/13"}],"replies":[{"embeddable":true,"href":"https:\/\/www.ambienteyenergia.gob.ec\/ambiente\/wp-json\/wp\/v2\/comments?post=19495"}],"version-history":[{"count":0,"href":"https:\/\/www.ambienteyenergia.gob.ec\/ambiente\/wp-json\/wp\/v2\/posts\/19495\/revisions"}],"wp:featuredmedia":[{"embeddable":true,"href":"https:\/\/www.ambienteyenergia.gob.ec\/ambiente\/wp-json\/wp\/v2\/media\/19496"}],"wp:attachment":[{"href":"https:\/\/www.ambienteyenergia.gob.ec\/ambiente\/wp-json\/wp\/v2\/media?parent=19495"}],"wp:term":[{"taxonomy":"category","embeddable":true,"href":"https:\/\/www.ambienteyenergia.gob.ec\/ambiente\/wp-json\/wp\/v2\/categories?post=19495"},{"taxonomy":"post_tag","embeddable":true,"href":"https:\/\/www.ambienteyenergia.gob.ec\/ambiente\/wp-json\/wp\/v2\/tags?post=19495"}],"curies":[{"name":"wp","href":"https:\/\/api.w.org\/{rel}","templated":true}]}}